{"id":9528,"date":"2023-10-30T12:16:09","date_gmt":"2023-10-30T11:16:09","guid":{"rendered":"https:\/\/www.tv-kirchzell.de\/?p=9528"},"modified":"2023-12-18T22:12:47","modified_gmt":"2023-12-18T21:12:47","slug":"wichtige-information-zum-spieltag-gegen-tv-petterweil","status":"publish","type":"post","link":"https:\/\/www.tv-kirchzell.de\/?p=9528","title":{"rendered":"Wichtige Information zum Einlass gegen die TSG Offenbach-B\u00fcrgel"},"content":{"rendered":"\n<p>Beim Spieltag der 1. Mannschaft gegen den TSG Offenbach-B\u00fcrgel am 09.12.2023 ist der <strong>Einlass in die Halle<\/strong> aus organisatorischen Gr\u00fcnden <strong>erst ab 18:30 Uhr<\/strong> m\u00f6glich. <\/p>\n\n\n\n<p>Wir bitten um Beachtung und Verst\u00e4ndnis und w\u00fcnschen uns allen ein spannendes Spiel!<\/p>\n","protected":false},"excerpt":{"rendered":"<p>Beim Spieltag der 1. Mannschaft gegen den TSG Offenbach-B\u00fcrgel am 09.12.2023 ist der Einlass in die Halle aus organisatorischen Gr\u00fcnden erst ab 18:30 Uhr m\u00f6glich. Wir bitten um Beachtung und Verst\u00e4ndnis und w\u00fcnschen uns allen ein spannendes Spiel!<\/p>\n","protected":false},"author":26,"featured_media":0,"comment_status":"closed","ping_status":"open","sticky":false,"template":"","format":"standard","meta":{"footnotes":""},"categories":[5],"tags":[],"class_list":["post-9528","post","type-post","status-publish","format-standard","hentry","category-1mannschaft"],"_links":{"self":[{"href":"https:\/\/www.tv-kirchzell.de\/index.php?rest_route=\/wp\/v2\/posts\/9528","targetHints":{"allow":["GET"]}}],"collection":[{"href":"https:\/\/www.tv-kirchzell.de\/index.php?rest_route=\/wp\/v2\/posts"}],"about":[{"href":"https:\/\/www.tv-kirchzell.de\/index.php?rest_route=\/wp\/v2\/types\/post"}],"author":[{"embeddable":true,"href":"https:\/\/www.tv-kirchzell.de\/index.php?rest_route=\/wp\/v2\/users\/26"}],"replies":[{"embeddable":true,"href":"https:\/\/www.tv-kirchzell.de\/index.php?rest_route=%2Fwp%2Fv2%2Fcomments&post=9528"}],"version-history":[{"count":4,"href":"https:\/\/www.tv-kirchzell.de\/index.php?rest_route=\/wp\/v2\/posts\/9528\/revisions"}],"predecessor-version":[{"id":9843,"href":"https:\/\/www.tv-kirchzell.de\/index.php?rest_route=\/wp\/v2\/posts\/9528\/revisions\/9843"}],"wp:attachment":[{"href":"https:\/\/www.tv-kirchzell.de\/index.php?rest_route=%2Fwp%2Fv2%2Fmedia&parent=9528"}],"wp:term":[{"taxonomy":"category","embeddable":true,"href":"https:\/\/www.tv-kirchzell.de\/index.php?rest_route=%2Fwp%2Fv2%2Fcategories&post=9528"},{"taxonomy":"post_tag","embeddable":true,"href":"https:\/\/www.tv-kirchzell.de\/index.php?rest_route=%2Fwp%2Fv2%2Ftags&post=9528"}],"curies":[{"name":"wp","href":"https:\/\/api.w.org\/{rel}","templated":true}]}}