{"id":9525,"date":"2023-10-30T10:47:24","date_gmt":"2023-10-30T09:47:24","guid":{"rendered":"https:\/\/www.tv-kirchzell.de\/?p=9525"},"modified":"2023-10-30T10:47:27","modified_gmt":"2023-10-30T09:47:27","slug":"tv-kirchzell-will-unbedingt-in-der-erfolgsspur-bleiben","status":"publish","type":"post","link":"https:\/\/www.tv-kirchzell.de\/?p=9525","title":{"rendered":"TV Kirchzell will unbedingt in der Erfolgsspur bleiben"},"content":{"rendered":"\n<p>Mit 14:0 Punkten steht der TV Kirchzell nach wie vor gemeinsam mit Gro\u00df Bieberau an der Tabellenspitze der Oberliga Hessen. Am kommenden Samstag ab 19:30 Uhr misst man sich mit einem wahrscheinlich recht unangenehmen Gegner, dem TV Petterweil.<\/p>\n\n\n\n<!--more-->\n\n\n\n<p>Petterweil belegt zurzeit mit 8:6 Punkten einen beachtlichen sechsten Platz im Ranking, steht somit also aktuell jenseits von Gut und B\u00f6se. Petterweil liegt mit seinen ca. 3300 Einwohnern \u00fcbrigens im wundersch\u00f6nen s\u00fcdhessischen Wetteraukreis.<\/p>\n\n\n\n<p>Die G\u00e4ste haben einen \u00e4u\u00dferst erfahrenen, ausgeglichenen und gro\u00dfen Kader, der dem TVK die Spielfreude mit lang gef\u00fchrten Angriffen nehmen will. Stefan Pletz mit bisher 42 erzielten Treffern in sechs Matches ist ihr Top-Torj\u00e4ger, den es gilt, so gut als m\u00f6glich zu elimentieren.<\/p>\n\n\n\n<p>Doch Kirchzell mit seiner unglaublich wurfgewaltigen, wuchtigern Offensive h\u00e4lt trotzdem alle Tr\u00fcmpfe in den eigenen H\u00e4nden. Wenn dann auch noch das Zusammenspiel Torh\u00fcter\/Abwehr stimmig ist, steht einem weiteren Erfolg wohl nichts mehr im Wege.<\/p>\n\n\n\n<p>Vor dem unausweichlichen Gigantentreffen bereits am Freitag, 10.11. um 20:00 Uhr in der wiederum heimischen Dreifachsporthalle w\u00e4re ein Heimsieg also ungemein wichtig.<\/p>\n\n\n\n<p>Das Z\u00fcnglein an der Waage k\u00f6nnten am Samstag erneut die ebenfalls erfolgshungrigen Fans des TVK sein. Es ist schon mehr als beeindruckend und beachtlich, wie diese ihr Team, auch ausw\u00e4rts, Woche f\u00fcr Woche nach vorne peitschen.<\/p>\n\n\n\n<p>Kirchzell spielt nach dem Abstieg aus Liga drei bisher eine \u00fcberragende Saison und will sich auch beim bevorstehenden Heimspiel die Suppe unter gar keinen Umst\u00e4nden versalzen lassen.<\/p>\n","protected":false},"excerpt":{"rendered":"<p>Mit 14:0 Punkten steht der TV Kirchzell nach wie vor gemeinsam mit Gro\u00df Bieberau an der Tabellenspitze der Oberliga Hessen. Am kommenden Samstag ab 19:30 Uhr misst man sich mit einem wahrscheinlich recht unangenehmen Gegner, dem TV Petterweil.<\/p>\n","protected":false},"author":182,"featured_media":0,"comment_status":"closed","ping_status":"open","sticky":false,"template":"","format":"standard","meta":{"footnotes":""},"categories":[5],"tags":[],"class_list":["post-9525","post","type-post","status-publish","format-standard","hentry","category-1mannschaft"],"_links":{"self":[{"href":"https:\/\/www.tv-kirchzell.de\/index.php?rest_route=\/wp\/v2\/posts\/9525","targetHints":{"allow":["GET"]}}],"collection":[{"href":"https:\/\/www.tv-kirchzell.de\/index.php?rest_route=\/wp\/v2\/posts"}],"about":[{"href":"https:\/\/www.tv-kirchzell.de\/index.php?rest_route=\/wp\/v2\/types\/post"}],"author":[{"embeddable":true,"href":"https:\/\/www.tv-kirchzell.de\/index.php?rest_route=\/wp\/v2\/users\/182"}],"replies":[{"embeddable":true,"href":"https:\/\/www.tv-kirchzell.de\/index.php?rest_route=%2Fwp%2Fv2%2Fcomments&post=9525"}],"version-history":[{"count":1,"href":"https:\/\/www.tv-kirchzell.de\/index.php?rest_route=\/wp\/v2\/posts\/9525\/revisions"}],"predecessor-version":[{"id":9526,"href":"https:\/\/www.tv-kirchzell.de\/index.php?rest_route=\/wp\/v2\/posts\/9525\/revisions\/9526"}],"wp:attachment":[{"href":"https:\/\/www.tv-kirchzell.de\/index.php?rest_route=%2Fwp%2Fv2%2Fmedia&parent=9525"}],"wp:term":[{"taxonomy":"category","embeddable":true,"href":"https:\/\/www.tv-kirchzell.de\/index.php?rest_route=%2Fwp%2Fv2%2Fcategories&post=9525"},{"taxonomy":"post_tag","embeddable":true,"href":"https:\/\/www.tv-kirchzell.de\/index.php?rest_route=%2Fwp%2Fv2%2Ftags&post=9525"}],"curies":[{"name":"wp","href":"https:\/\/api.w.org\/{rel}","templated":true}]}}