{"id":9220,"date":"2023-09-12T18:19:08","date_gmt":"2023-09-12T16:19:08","guid":{"rendered":"https:\/\/www.tv-kirchzell.de\/?p=9220"},"modified":"2023-09-12T18:19:08","modified_gmt":"2023-09-12T16:19:08","slug":"geglueckter-saisonstart-der-herren-des-tvk-bei-huettenberg-ii","status":"publish","type":"post","link":"https:\/\/www.tv-kirchzell.de\/?p=9220","title":{"rendered":"Gegl\u00fcckter Saisonstart der Herren des TVK bei H\u00fcttenberg II"},"content":{"rendered":"\n<p>Der TV Kirch\u00adzell ist mit einem kla\u00adren Sie\u00adg in die neue Sai\u00adson der Hand\u00adball-Ober\u00adli\u00adga ge\u00adstar\u00adtet. Bei dem 38:28-Ausw\u00e4rtssieg bei der zweiten Mannschaft des TV H\u00fcttenberg hatte die Mannschaft der Trainer Hauptmann und Kunz aber zu Beginn 20 Minuten lang etwas Probleme.<\/p>\n\n\n\n<!--more-->\n\n\n\n<p>Bei wechselnden F\u00fchrungen konnte kein Team mehr als ein Tor Vorsprung herausspielen. \u201eWir standen anfangs etwas zu nah an ihrer 3:2:1-Abwehr\u201c, bem\u00e4ngelte TVK-Coach Alexander Hauptmann, der auf Tom Spie\u00df verzichten musste &#8211; der angeschlagene R\u00fcckraumspieler sa\u00df zwar auf der Bank, wurde aber geschont. Seine Teamkollegen schafften es gegen Ende der ersten Halbzeit jedoch auch ohne Spie\u00df, den Schalter umzulegen, und spielten binnen zehn Minuten einen Sechs-Tore-Vorsprung heraus.<\/p>\n\n\n\n<p>Diesen bauten die G\u00e4ste, die im Angriff nun keinerlei Probleme mehr hatten, nach dem Wiederanpfiff konsequent aus, beim 28:18 f\u00fcr den TVK eine Viertelstunde vor Schluss war die Messe gelesen. Trotz des hohen Siegs war Hauptmann mit der Abwehrleistung seiner Mannschaft allerdings nicht ganz zufrieden: \u201eDa haben wir die n\u00f6tige Aggressivit\u00e4t vermissen lassen.\u201c<\/p>\n\n\n\n<p>An der starken Offensive, aus der Neuzugang Levgen Zhuk mit neun Treffern bei null Fehlversuchen herausragte, hatte der TVK-Coach hingegen nichts auszusetzen: \u201eWir hatten ein paar Stockfehler, aber das ist f\u00fcrs erste Spiel ja ganz normal. Insgesamt haben wir das sehr gut gel\u00f6st, die Mannschaft hat im Gro\u00dfen und Ganzen das umgesetzt, was wir uns vorgestellt hatten.\u201c<\/p>\n\n\n\n<p>Bereits am Freitag steht das erste Derby f\u00fcr die Kirchzeller auf dem Spielplan. Zu Gast in der Miltenberger Halle ist dann die Tuspo Obernburg.<\/p>\n","protected":false},"excerpt":{"rendered":"<p>Der TV Kirch\u00adzell ist mit einem kla\u00adren Sie\u00adg in die neue Sai\u00adson der Hand\u00adball-Ober\u00adli\u00adga ge\u00adstar\u00adtet. Bei dem 38:28-Ausw\u00e4rtssieg bei der zweiten Mannschaft des TV H\u00fcttenberg hatte die Mannschaft der Trainer Hauptmann und Kunz aber zu Beginn 20 Minuten lang etwas Probleme.<\/p>\n","protected":false},"author":26,"featured_media":0,"comment_status":"closed","ping_status":"open","sticky":false,"template":"","format":"standard","meta":{"footnotes":""},"categories":[5],"tags":[],"class_list":["post-9220","post","type-post","status-publish","format-standard","hentry","category-1mannschaft"],"_links":{"self":[{"href":"https:\/\/www.tv-kirchzell.de\/index.php?rest_route=\/wp\/v2\/posts\/9220","targetHints":{"allow":["GET"]}}],"collection":[{"href":"https:\/\/www.tv-kirchzell.de\/index.php?rest_route=\/wp\/v2\/posts"}],"about":[{"href":"https:\/\/www.tv-kirchzell.de\/index.php?rest_route=\/wp\/v2\/types\/post"}],"author":[{"embeddable":true,"href":"https:\/\/www.tv-kirchzell.de\/index.php?rest_route=\/wp\/v2\/users\/26"}],"replies":[{"embeddable":true,"href":"https:\/\/www.tv-kirchzell.de\/index.php?rest_route=%2Fwp%2Fv2%2Fcomments&post=9220"}],"version-history":[{"count":1,"href":"https:\/\/www.tv-kirchzell.de\/index.php?rest_route=\/wp\/v2\/posts\/9220\/revisions"}],"predecessor-version":[{"id":9221,"href":"https:\/\/www.tv-kirchzell.de\/index.php?rest_route=\/wp\/v2\/posts\/9220\/revisions\/9221"}],"wp:attachment":[{"href":"https:\/\/www.tv-kirchzell.de\/index.php?rest_route=%2Fwp%2Fv2%2Fmedia&parent=9220"}],"wp:term":[{"taxonomy":"category","embeddable":true,"href":"https:\/\/www.tv-kirchzell.de\/index.php?rest_route=%2Fwp%2Fv2%2Fcategories&post=9220"},{"taxonomy":"post_tag","embeddable":true,"href":"https:\/\/www.tv-kirchzell.de\/index.php?rest_route=%2Fwp%2Fv2%2Ftags&post=9220"}],"curies":[{"name":"wp","href":"https:\/\/api.w.org\/{rel}","templated":true}]}}