{"id":8683,"date":"2023-05-10T21:05:42","date_gmt":"2023-05-10T19:05:42","guid":{"rendered":"https:\/\/www.tv-kirchzell.de\/?p=8683"},"modified":"2023-05-13T16:22:06","modified_gmt":"2023-05-13T14:22:06","slug":"mit-dem-fanbus-zum-auswaertsspiel-nach-lemgo-lippe2","status":"publish","type":"post","link":"https:\/\/www.tv-kirchzell.de\/?p=8683","title":{"rendered":"Mit dem Fanbus zum Ausw\u00e4rtsspiel nach Lemgo\/Lippe 2"},"content":{"rendered":"\n<p>Am 27.05.23 geht es f\u00fcr unsere 1.Mannschaft zu ihrem wichtigen und letzen Ausw\u00e4rtsspiel in dieser Saison. F\u00fcr die besondere Aufgabe haben wir einen Fanbus organisiert. <\/p>\n\n\n\n<p>Aktuell sind noch ein paar Platze im Fanbus frei und wer mit will, kann sich unter <a href=\"mailto:Rene.Krug@tv-Kirchzell.de\">Rene.Krug@tv-Kirchzell.de<\/a> anmelden.<\/p>\n\n\n\n<p>Los geht es am 27.05.23 um 12 Uhr an der Turnhalle in Kirchzell oben an der Hauptstra\u00dfe. Einen kurzen Zwischenstop werden wir um 12:20 Uhr in Trennfurt an der alten Dekoramik machen. Wer von Trennfurt aus mitfahren will, soll das bitte bei der Anmeldung mit angeben. Nicht, dass wir in Kirchzell auf ihn warten.<\/p>\n\n\n\n<p>\u00dc18: 15\u20ac<\/p>\n\n\n\n<p>Anmeldeschluss ist der 19.05.23 um 12 Uhr.<\/p>\n\n\n\n<p><\/p>\n","protected":false},"excerpt":{"rendered":"<p>Am 27.05.23 geht es f\u00fcr unsere 1.Mannschaft zu ihrem wichtigen und letzen Ausw\u00e4rtsspiel in dieser Saison. F\u00fcr die besondere Aufgabe haben wir einen Fanbus organisiert. Aktuell sind noch ein paar Platze im Fanbus frei und wer mit will, kann sich unter Rene.Krug@tv-Kirchzell.de anmelden. Los geht es am 27.05.23 um 12<\/p>\n","protected":false},"author":2,"featured_media":0,"comment_status":"closed","ping_status":"open","sticky":false,"template":"","format":"standard","meta":{"footnotes":""},"categories":[5,13],"tags":[],"class_list":["post-8683","post","type-post","status-publish","format-standard","hentry","category-1mannschaft","category-verein"],"_links":{"self":[{"href":"https:\/\/www.tv-kirchzell.de\/index.php?rest_route=\/wp\/v2\/posts\/8683","targetHints":{"allow":["GET"]}}],"collection":[{"href":"https:\/\/www.tv-kirchzell.de\/index.php?rest_route=\/wp\/v2\/posts"}],"about":[{"href":"https:\/\/www.tv-kirchzell.de\/index.php?rest_route=\/wp\/v2\/types\/post"}],"author":[{"embeddable":true,"href":"https:\/\/www.tv-kirchzell.de\/index.php?rest_route=\/wp\/v2\/users\/2"}],"replies":[{"embeddable":true,"href":"https:\/\/www.tv-kirchzell.de\/index.php?rest_route=%2Fwp%2Fv2%2Fcomments&post=8683"}],"version-history":[{"count":3,"href":"https:\/\/www.tv-kirchzell.de\/index.php?rest_route=\/wp\/v2\/posts\/8683\/revisions"}],"predecessor-version":[{"id":8707,"href":"https:\/\/www.tv-kirchzell.de\/index.php?rest_route=\/wp\/v2\/posts\/8683\/revisions\/8707"}],"wp:attachment":[{"href":"https:\/\/www.tv-kirchzell.de\/index.php?rest_route=%2Fwp%2Fv2%2Fmedia&parent=8683"}],"wp:term":[{"taxonomy":"category","embeddable":true,"href":"https:\/\/www.tv-kirchzell.de\/index.php?rest_route=%2Fwp%2Fv2%2Fcategories&post=8683"},{"taxonomy":"post_tag","embeddable":true,"href":"https:\/\/www.tv-kirchzell.de\/index.php?rest_route=%2Fwp%2Fv2%2Ftags&post=8683"}],"curies":[{"name":"wp","href":"https:\/\/api.w.org\/{rel}","templated":true}]}}