{"id":8654,"date":"2023-05-05T13:12:40","date_gmt":"2023-05-05T11:12:40","guid":{"rendered":"https:\/\/www.tv-kirchzell.de\/?p=8654"},"modified":"2023-05-05T13:14:02","modified_gmt":"2023-05-05T11:14:02","slug":"hg-oftersheim-schwetzingen-ist-dem-tvk-auf-den-fersen-auf-die-kirchzeller-wartet-der-naechste-brocken","status":"publish","type":"post","link":"https:\/\/www.tv-kirchzell.de\/?p=8654","title":{"rendered":"HG Oftersheim\/Schwetzingen ist dem TVK auf den Fersen\u00a0&#8211;\u00a0Auf die Kirchzeller wartet der n\u00e4chste Brocken"},"content":{"rendered":"\n<p>Nach dem packenden Heimspiel gegen das Team Handball Lippe II, bei dem der TV Kirchzell einen Acht-Tore-R\u00fcckstand noch in ein 27:27 umm\u00fcnzte, muss die Mannschaft von Trainer Andi Kunz am Sonntag nach Oftersheim\/Schwetzingen.<\/p>\n\n\n\n<!--more-->\n\n\n\n<p>Die HG hat ebenfalls am 1. Mai gespielt und gegen die Haspo Bayreuth ein 28:28-Unentschieden erzielt. Zuvor verlor die HG in Lippe mit 30:31 und gewann das Hin- und R\u00fcckspiel gegen Flensborg mit 30:28 und 34:29. Die HG hat nach vier Spielen 5:3 Punkte und steht auf Platz zwei hinter Kirchzell, das nach drei Spielen 5:1 Punkte vorzuweisen hat.<\/p>\n\n\n\n<p>Die Mannschaft von Trainer Christoph Lahme spielt sehr clever und \u201ewei\u00df \u00fcber 60 Spielminuten ganz genau, was sie zu machen hat und dies auch umsetzt\u201c, sagt TVK-Trainer Andi Kunz. Der Kader ist sehr gut besetzt. Angefangen von Torh\u00fcter Benedikt M\u00fcller, der schon f\u00fcr die HSG Hanau spielte, \u00fcber Niklas Kr\u00e4mer, der sowohl am Kreis als auch im R\u00fcckraum auftaucht, Linksau\u00dfen Max Barthelme\u00df, Christian Wahl, Kevin Suschlik (RR) bis zu Florian Burmeister. Auch Leon Haase im rechten R\u00fcckraum ist gef\u00e4hrlich, nicht zu vergessen Linksh\u00e4nder Jan Triebskorn, der von der TSG Ha\u00dfloch kam. Die Hausherren spielen eine kompakte 6-0-Abwehr, sind immer f\u00fcr einen Gegensto\u00df gut und wissen vorne genau, was sie zu machen haben.<\/p>\n\n\n\n<p>\u201eEs ist eine kurze knackige Runde, in der alles passieren kann. Aber deshalb macht sie auch so viel Spa\u00df. Wir d\u00fcrfen weder nach links noch nach rechts gucken\u201c, sagt Andi Kunz und mahnt: \u201eDass wir so schlecht aus den Startl\u00f6chern kommen wie im letzten Spiel, darf uns nicht noch einmal passieren. Unsere Fans haben uns gepusht und gemerkt, dass wir sie brauchen. Deshalb hoffe ich, dass aufgrund der \u00fcberschaubaren Wegstrecke, der eine oder andere in Schwetzingen dabei ist und uns erneut unterst\u00fctzt.\u201c<\/p>\n\n\n\n<p>Kunz hofft aber auch auf eine Leistung seines Teams wie nach dem 12:20 in der 31. Minute gegen Lippe. Die komplette Mannschaft haute sich rein, und Torh\u00fcter Joshua L\u00f6ffelmann hielt mit guten Paraden seinem Team den R\u00fccken frei. Positiv bemerkbar machte sich vor allem Philippe Kohlstrung, der sich mit seiner Spielintelligenz sofort auf die jeweilige Situation einstellen kann und immer parat steht.<\/p>\n\n\n\n<p>Los geht\u2019s am Sonntag, 07.05.2023 um 17:00 Uhr in der Nordstadthalle in Schwetzingen. Karten k\u00f6nnen dort an der Abendkasse erworben werden.<\/p>\n","protected":false},"excerpt":{"rendered":"<p>Nach dem packenden Heimspiel gegen das Team Handball Lippe II, bei dem der TV Kirchzell einen Acht-Tore-R\u00fcckstand noch in ein 27:27 umm\u00fcnzte, muss die Mannschaft von Trainer Andi Kunz am Sonntag nach Oftersheim\/Schwetzingen.<\/p>\n","protected":false},"author":26,"featured_media":0,"comment_status":"closed","ping_status":"open","sticky":false,"template":"","format":"standard","meta":{"footnotes":""},"categories":[5],"tags":[],"class_list":["post-8654","post","type-post","status-publish","format-standard","hentry","category-1mannschaft"],"_links":{"self":[{"href":"https:\/\/www.tv-kirchzell.de\/index.php?rest_route=\/wp\/v2\/posts\/8654","targetHints":{"allow":["GET"]}}],"collection":[{"href":"https:\/\/www.tv-kirchzell.de\/index.php?rest_route=\/wp\/v2\/posts"}],"about":[{"href":"https:\/\/www.tv-kirchzell.de\/index.php?rest_route=\/wp\/v2\/types\/post"}],"author":[{"embeddable":true,"href":"https:\/\/www.tv-kirchzell.de\/index.php?rest_route=\/wp\/v2\/users\/26"}],"replies":[{"embeddable":true,"href":"https:\/\/www.tv-kirchzell.de\/index.php?rest_route=%2Fwp%2Fv2%2Fcomments&post=8654"}],"version-history":[{"count":1,"href":"https:\/\/www.tv-kirchzell.de\/index.php?rest_route=\/wp\/v2\/posts\/8654\/revisions"}],"predecessor-version":[{"id":8655,"href":"https:\/\/www.tv-kirchzell.de\/index.php?rest_route=\/wp\/v2\/posts\/8654\/revisions\/8655"}],"wp:attachment":[{"href":"https:\/\/www.tv-kirchzell.de\/index.php?rest_route=%2Fwp%2Fv2%2Fmedia&parent=8654"}],"wp:term":[{"taxonomy":"category","embeddable":true,"href":"https:\/\/www.tv-kirchzell.de\/index.php?rest_route=%2Fwp%2Fv2%2Fcategories&post=8654"},{"taxonomy":"post_tag","embeddable":true,"href":"https:\/\/www.tv-kirchzell.de\/index.php?rest_route=%2Fwp%2Fv2%2Ftags&post=8654"}],"curies":[{"name":"wp","href":"https:\/\/api.w.org\/{rel}","templated":true}]}}