{"id":8632,"date":"2023-05-02T06:56:04","date_gmt":"2023-05-02T04:56:04","guid":{"rendered":"https:\/\/www.tv-kirchzell.de\/?p=8632"},"modified":"2023-05-02T06:58:18","modified_gmt":"2023-05-02T04:58:18","slug":"leserbrief-tv-kirchzell-leistet-am-tag-der-arbeit-erst-spaet-grosses","status":"publish","type":"post","link":"https:\/\/www.tv-kirchzell.de\/?p=8632","title":{"rendered":"Leserbrief: TV Kirchzell leistet am Tag der Arbeit erst sp\u00e4t Gro\u00dfes"},"content":{"rendered":"\n<p>Obwohl gestern Abend Tag der Arbeit, sprich Erster Maifeiertag war, schufteten die Cracks vom TV Kirchzell und Handball Lippe 2 wie zwei unerm\u00fcdliche Berserker. <\/p>\n\n\n\n<!--more-->\n\n\n\n<p>Kirchzell begann vor ausverkauftem Haus konfus und nerv\u00f6s, Abwehr und Angriff glichen einem aufgescheuchten Torso, was sich bis zur Halbzeit fortsetzte. Lemgo Lippe 2 setzte sich uniso Tor um Tor komfortabel ab, um mit einer 19:12- F\u00fchrung die Kabine zur Halbzeitansprache der Trainer aufzusuchen. <\/p>\n\n\n\n<p>Bis Minute 40:13 hatte der Gast noch immer eine sechs bis sieben Tore-F\u00fchrung inne. Keiner in Miltenberg gab zu diesem Zeitpunkt auch nur noch einen Pfifferling auf den TVK. <\/p>\n\n\n\n<p>Doch man hatte wie schon so oft die Rechnung ohne die unb\u00e4ndige Kirchzeller Kampfst\u00e4rke gemacht. Tor um Tor robbte man sich in Folge heran, es hielt bereits acht Minuten vor der Schlusssirene kaum noch einen Zuschauer auf seinem Sitzplatz. <\/p>\n\n\n\n<p>Als Tim H\u00e4ufgl\u00f6ckner per Siebenmeter zum 27:27- Endstand egalisierte, glich die Halle einem unglaublichen Tollhaus. Es war letztendlich also ein Thriller gewesen, den Alfred Hitchcock h\u00e4tte nicht spannender inszenieren k\u00f6nnen. <\/p>\n\n\n\n<p>Der TVK hat nach drei absolvierten Spielen als Tabellenf\u00fchrer 5:1 Punkte in der Klassenverbleibsrunde vorzuweisen. Doch dies stellt bei noch f\u00fcnf zu bestreitenden Matches nur eine kleine Momentaufnahme dar. <\/p>\n\n\n\n<p>Bereits am kommenden Sonntag kommt es bei der HG Oftersheim\/Schwetzingen zum Duell mit dem derzeit Rangzweiten. Der Gastgeber hat bisher gute 5:3 Punkte auf seinem Konto und mit einer Partie auf Augenh\u00f6he muss gerechnet werden. Wahrscheinlich nur sehr kleine Nuancen werden \u00fcber Sieg und Niederlage entscheiden. <\/p>\n\n\n\n<p>Liebe treue TVK-Fans: Macht euch doch beizeiten auf den Weg nach Schwetzingen, besucht vor der Begegnung unter anderem die wundersch\u00f6ne Parkanlage mit angeliedertem Schloss. Am Sonntag, 7.5. ab 17:00 Uhr, d\u00fcrft ihr sehr gerne eure Mannschaft in der Nordstadthalle Schwetzingen lautstark unterst\u00fctzen.<\/p>\n\n\n\n<p>Karlheinz Dolzer<\/p>\n","protected":false},"excerpt":{"rendered":"<p>Obwohl gestern Abend Tag der Arbeit, sprich Erster Maifeiertag war, schufteten die Cracks vom TV Kirchzell und Handball Lippe 2 wie zwei unerm\u00fcdliche Berserker.<\/p>\n","protected":false},"author":182,"featured_media":0,"comment_status":"closed","ping_status":"open","sticky":false,"template":"","format":"standard","meta":{"footnotes":""},"categories":[5,107],"tags":[],"class_list":["post-8632","post","type-post","status-publish","format-standard","hentry","category-1mannschaft","category-leserbrief"],"_links":{"self":[{"href":"https:\/\/www.tv-kirchzell.de\/index.php?rest_route=\/wp\/v2\/posts\/8632","targetHints":{"allow":["GET"]}}],"collection":[{"href":"https:\/\/www.tv-kirchzell.de\/index.php?rest_route=\/wp\/v2\/posts"}],"about":[{"href":"https:\/\/www.tv-kirchzell.de\/index.php?rest_route=\/wp\/v2\/types\/post"}],"author":[{"embeddable":true,"href":"https:\/\/www.tv-kirchzell.de\/index.php?rest_route=\/wp\/v2\/users\/182"}],"replies":[{"embeddable":true,"href":"https:\/\/www.tv-kirchzell.de\/index.php?rest_route=%2Fwp%2Fv2%2Fcomments&post=8632"}],"version-history":[{"count":1,"href":"https:\/\/www.tv-kirchzell.de\/index.php?rest_route=\/wp\/v2\/posts\/8632\/revisions"}],"predecessor-version":[{"id":8633,"href":"https:\/\/www.tv-kirchzell.de\/index.php?rest_route=\/wp\/v2\/posts\/8632\/revisions\/8633"}],"wp:attachment":[{"href":"https:\/\/www.tv-kirchzell.de\/index.php?rest_route=%2Fwp%2Fv2%2Fmedia&parent=8632"}],"wp:term":[{"taxonomy":"category","embeddable":true,"href":"https:\/\/www.tv-kirchzell.de\/index.php?rest_route=%2Fwp%2Fv2%2Fcategories&post=8632"},{"taxonomy":"post_tag","embeddable":true,"href":"https:\/\/www.tv-kirchzell.de\/index.php?rest_route=%2Fwp%2Fv2%2Ftags&post=8632"}],"curies":[{"name":"wp","href":"https:\/\/api.w.org\/{rel}","templated":true}]}}