{"id":8575,"date":"2023-04-27T13:18:13","date_gmt":"2023-04-27T11:18:13","guid":{"rendered":"https:\/\/www.tv-kirchzell.de\/?p=8575"},"modified":"2023-04-27T13:18:13","modified_gmt":"2023-04-27T11:18:13","slug":"tv-kirchzell-peilt-gegen-team-handball-lippe-ii-den-naechsten-sieg-in-der-abstiegsrunde-an","status":"publish","type":"post","link":"https:\/\/www.tv-kirchzell.de\/?p=8575","title":{"rendered":"TV Kirchzell peilt gegen Team Handball Lippe II den n\u00e4chsten Sieg in der Abstiegsrunde an"},"content":{"rendered":"\n<p>Am 1.Mai-Fei\u00ader\u00adtag emp\u00adf\u00e4ngt der TV Kirch\u00adzell das Team Handball Lippe II, die zwei\u00adte Mann\u00adschaft des Erst\u00adli\u00adgis\u00adten Lem\u00adgo, und die Kirch\u00adzel\u00adler pei\u00adlen den drit\u00adten Sieg an. Leicht wird das nicht, denn der Geg\u00adner hat die M\u00f6g\u00adlich\u00adkeit, den ei\u00adnen oder an\u00adde\u00adren Spie\u00adler aus der ers\u00adten Mann\u00adschaft ein\u00adzu\u00adset\u00adzen.<\/p>\n\n\n\n<!--more-->\n\n\n\n<p>Die G\u00e4ste spielten vergangene Woche Unentschieden gegen Bayreuth, hatten nach Abschluss der regul\u00e4ren Runde in der Staffel West nach 26 Spielen 16:36 Punkte gesammelt und sicherten sich den elften Platz erst im letzten Spiel mit einem 37:21-Erfolg gegen den VfL Gladbeck.<\/p>\n\n\n\n<p>Trainer Struck war nach dieser Begegnung \u201esuperstolz auf meine Jungs. Der Grundstein wurde definitiv in der Abwehr gelegt\u201c. In der Tat stellt die Mannschaft aus Lippe eine sehr kompakte Abwehr, spielt nach vorne sehr schnell und das Zusammenspiel mit dem Kreis funktioniert hervorragend. Daher m\u00fcssen die Kirchzeller ihr Augenmerk auf den starken Kreisl\u00e4ufer Thore Oetjen, aber auch auf den Linksau\u00dfen Leve Carstensen, die R\u00fcckraumspieler Thomas Houtepen, Hark Hansen oder Niko Blaauw haben. Mit Timon M\u00fchlenst\u00e4dt oder Leon Goldbecker haben die G\u00e4ste zwei gute Torh\u00fcter, die das Z\u00fcnglein an der Waage spielen k\u00f6nnen.<\/p>\n\n\n\n<p>\u201eLippe wei\u00df sp\u00e4testens nach dem ersten Spiel mit dem Unentschieden gegen Bayreuth, dass dies eine sehr harte Runde wird. Wir haben nun vorgelegt und m\u00fcssen alles, was bisher positiv f\u00fcr uns gelaufen ist, f\u00fcr uns nutzen und nun nachlegen. Aber immer eins nach dem anderen &#8211; wie man die Kl\u00f6\u00dfe isst\u201c, sagt TVK-Trainer Alex Hauptmann.<\/p>\n\n\n\n<p>Einen kleinen Vorteil f\u00fcr den TVK bringt eventuell der Spielplan: Lippe muss am Samstag gegen Oftersheim spielen, ehe es am Montag in den Odenwald geht. Hauptmann: \u201eEs kann ein kleiner Vorteil f\u00fcr uns sein. Muss aber nicht. Fakt ist, dass diese Runde bis zum Schluss eine hei\u00dfe, schwere Kiste ist. Allerdings: einfach kann jeder!\u201c<\/p>\n\n\n\n<p>Der Coach hofft, dass er auf seinen kompletten Kader zur\u00fcckgreifen kann und dass die Fans wieder wie eine <strong><span style=\"color: darkred\">&#8222;rote Wand&#8220;<\/span><\/strong> hinter seinem Team stehen.<\/p>\n\n\n\n<p>Das Spiel am Montag, 01.05.2023 in der Miltenberger Dreifachsporthalle beginnt um 17:00 Uhr. Perfekt f\u00fcr einen Mai-Ausflug. Unterst\u00fctzen wir unseren Odenwaldexpress!<\/p>\n","protected":false},"excerpt":{"rendered":"<p>Am 1.Mai-Fei\u00ader\u00adtag emp\u00adf\u00e4ngt der TV Kirch\u00adzell das Team Handball Lippe II, die zwei\u00adte Mann\u00adschaft des Erst\u00adli\u00adgis\u00adten Lem\u00adgo, und die Kirch\u00adzel\u00adler pei\u00adlen den drit\u00adten Sieg an. Leicht wird das nicht, denn der Geg\u00adner hat die M\u00f6g\u00adlich\u00adkeit, den ei\u00adnen oder an\u00adde\u00adren Spie\u00adler aus der ers\u00adten Mann\u00adschaft ein\u00adzu\u00adset\u00adzen.<\/p>\n","protected":false},"author":26,"featured_media":0,"comment_status":"closed","ping_status":"open","sticky":false,"template":"","format":"standard","meta":{"footnotes":""},"categories":[5],"tags":[],"class_list":["post-8575","post","type-post","status-publish","format-standard","hentry","category-1mannschaft"],"_links":{"self":[{"href":"https:\/\/www.tv-kirchzell.de\/index.php?rest_route=\/wp\/v2\/posts\/8575","targetHints":{"allow":["GET"]}}],"collection":[{"href":"https:\/\/www.tv-kirchzell.de\/index.php?rest_route=\/wp\/v2\/posts"}],"about":[{"href":"https:\/\/www.tv-kirchzell.de\/index.php?rest_route=\/wp\/v2\/types\/post"}],"author":[{"embeddable":true,"href":"https:\/\/www.tv-kirchzell.de\/index.php?rest_route=\/wp\/v2\/users\/26"}],"replies":[{"embeddable":true,"href":"https:\/\/www.tv-kirchzell.de\/index.php?rest_route=%2Fwp%2Fv2%2Fcomments&post=8575"}],"version-history":[{"count":2,"href":"https:\/\/www.tv-kirchzell.de\/index.php?rest_route=\/wp\/v2\/posts\/8575\/revisions"}],"predecessor-version":[{"id":8577,"href":"https:\/\/www.tv-kirchzell.de\/index.php?rest_route=\/wp\/v2\/posts\/8575\/revisions\/8577"}],"wp:attachment":[{"href":"https:\/\/www.tv-kirchzell.de\/index.php?rest_route=%2Fwp%2Fv2%2Fmedia&parent=8575"}],"wp:term":[{"taxonomy":"category","embeddable":true,"href":"https:\/\/www.tv-kirchzell.de\/index.php?rest_route=%2Fwp%2Fv2%2Fcategories&post=8575"},{"taxonomy":"post_tag","embeddable":true,"href":"https:\/\/www.tv-kirchzell.de\/index.php?rest_route=%2Fwp%2Fv2%2Ftags&post=8575"}],"curies":[{"name":"wp","href":"https:\/\/api.w.org\/{rel}","templated":true}]}}