{"id":8549,"date":"2023-04-24T13:19:32","date_gmt":"2023-04-24T11:19:32","guid":{"rendered":"https:\/\/www.tv-kirchzell.de\/?p=8549"},"modified":"2023-04-24T13:19:32","modified_gmt":"2023-04-24T11:19:32","slug":"tv-kirchzell-gewinnt-gegen-flensborg-auch-das-zweite-spiel-der-abstiegsrelegationsrunde","status":"publish","type":"post","link":"https:\/\/www.tv-kirchzell.de\/?p=8549","title":{"rendered":"TV Kirchzell gewinnt gegen Flensborg auch das zweite Spiel der Abstiegsrelegationsrunde"},"content":{"rendered":"\n<p>In ei\u00adner kampf\u00adbe\u00adton\u00adten und zer\u00adfah\u00adre\u00adnen Par\u00adtie ge\u00adgen den DHK Flens\u00adborg hat der TV Kirch\u00adzell ei\u00adnen ver\u00addi\u00aden\u00adten Er\u00adfolg im Kampf um den Klas\u00adsen\u00ader\u00adhalt ge\u00adfei\u00adert. Da\u00admit ha\u00adben die Sch\u00fctz\u00adlin\u00adge der Trai\u00adner An\u00addi Kunz und Alex Haupt\u00admann den zwei\u00adten Sieg ein\u00adge\u00adfah\u00adren und 4:0 Punk\u00adte auf ihr Kon\u00adto ge\u00adh\u00e4uft.<\/p>\n\n\n\n<!--more-->\n\n\n\n<p>Insgesamt verh\u00e4ngten die Schiedsrichter, die zum Schluss mit einigen Entscheidungen viel Unruhe ins Spiel brachten, drei Rote Karten und 18 Zeitstrafen. Leon David und Alexander von Eitzen sahen jeweils Rot nach Fouls, Tim H\u00e4ufgl\u00f6ckner kassierte drei Zeitstrafen.<\/p>\n\n\n\n<p>Die G\u00e4ste mussten ersatzgeschw\u00e4cht antreten und neben ihrem Spielmacher Melf Hagen noch auf vier weitere Leistungstr\u00e4ger verzichten. Trotzdem lagen sie schnell mit 4:2 und 5:3 vorne, ehe der TVK zum 5:5 ausglich. Einmal gelang dem DHK noch die F\u00fchrung (6:5 in der 12. Minute). Danach waren die Hausherren am Dr\u00fccker. Sie konnten sich allerdings in Halbzeit eins nicht entscheidend absetzen, da es den G\u00e4sten immer wieder gelang, durch geschicktes Kreisspiel den Anschluss zu halten. Mit 15:12 f\u00fcr den TVK wurden die Seiten gewechselt.<\/p>\n\n\n\n<p>Nach Wiederbeginn wurde es pl\u00f6tzlich hektisch auf dem Parkett. In der 40. Minute gab es eine minutenlange Diskussion am Zeitnehmertisch \u00fcber ein Tor der Kirchzeller, das wieder zur\u00fcckgenommen werden sollte. In der Folge hagelte es Zeitstrafen und die Begegnung war nur noch zerfahren.<\/p>\n\n\n\n<p>Den G\u00e4sten ging so langsam die Puste aus. Der TVK nutzte dies, legte einen Zahn zu und kam zu einem ungef\u00e4hrdeten Erfolg. \u201eEs war ein ganz schwieriges Spiel f\u00fcr uns, denn der Gegner spielte unbequem. Aber wir haben ihnen auch bis zur 50. Minute immer wieder die Chance gegeben, dranzubleiben\u201c, sagte TVK-Coach Hauptmann.<\/p>\n\n\n\n<p>Zur n\u00e4chsten Partie der Abstiegsrelegation empf\u00e4ngt der TV Kirchzell am 1. Mai das Team von Handball Lippe II.<\/p>\n\n\n\n<p>TV Kirchzell:\u00a0J\u00f6rg 2, L\u00f6ffelmann; Osifo 6, Ihmer 4, Spie\u00df 5\/5, David 5, Schnellbacher 3, H\u00e4ufgl\u00f6ckner 3\/1, Klenk 2, Soloviov, Blank 1, Polixenidis 1, Kohlstrung.<\/p>\n","protected":false},"excerpt":{"rendered":"<p>In ei\u00adner kampf\u00adbe\u00adton\u00adten und zer\u00adfah\u00adre\u00adnen Par\u00adtie ge\u00adgen den DHK Flens\u00adborg hat der TV Kirch\u00adzell ei\u00adnen ver\u00addi\u00aden\u00adten Er\u00adfolg im Kampf um den Klas\u00adsen\u00ader\u00adhalt ge\u00adfei\u00adert. Da\u00admit ha\u00adben die Sch\u00fctz\u00adlin\u00adge der Trai\u00adner An\u00addi Kunz und Alex Haupt\u00admann den zwei\u00adten Sieg ein\u00adge\u00adfah\u00adren und 4:0 Punk\u00adte auf ihr Kon\u00adto ge\u00adh\u00e4uft.<\/p>\n","protected":false},"author":26,"featured_media":0,"comment_status":"closed","ping_status":"open","sticky":false,"template":"","format":"standard","meta":{"footnotes":""},"categories":[5],"tags":[],"class_list":["post-8549","post","type-post","status-publish","format-standard","hentry","category-1mannschaft"],"_links":{"self":[{"href":"https:\/\/www.tv-kirchzell.de\/index.php?rest_route=\/wp\/v2\/posts\/8549","targetHints":{"allow":["GET"]}}],"collection":[{"href":"https:\/\/www.tv-kirchzell.de\/index.php?rest_route=\/wp\/v2\/posts"}],"about":[{"href":"https:\/\/www.tv-kirchzell.de\/index.php?rest_route=\/wp\/v2\/types\/post"}],"author":[{"embeddable":true,"href":"https:\/\/www.tv-kirchzell.de\/index.php?rest_route=\/wp\/v2\/users\/26"}],"replies":[{"embeddable":true,"href":"https:\/\/www.tv-kirchzell.de\/index.php?rest_route=%2Fwp%2Fv2%2Fcomments&post=8549"}],"version-history":[{"count":2,"href":"https:\/\/www.tv-kirchzell.de\/index.php?rest_route=\/wp\/v2\/posts\/8549\/revisions"}],"predecessor-version":[{"id":8551,"href":"https:\/\/www.tv-kirchzell.de\/index.php?rest_route=\/wp\/v2\/posts\/8549\/revisions\/8551"}],"wp:attachment":[{"href":"https:\/\/www.tv-kirchzell.de\/index.php?rest_route=%2Fwp%2Fv2%2Fmedia&parent=8549"}],"wp:term":[{"taxonomy":"category","embeddable":true,"href":"https:\/\/www.tv-kirchzell.de\/index.php?rest_route=%2Fwp%2Fv2%2Fcategories&post=8549"},{"taxonomy":"post_tag","embeddable":true,"href":"https:\/\/www.tv-kirchzell.de\/index.php?rest_route=%2Fwp%2Fv2%2Ftags&post=8549"}],"curies":[{"name":"wp","href":"https:\/\/api.w.org\/{rel}","templated":true}]}}