{"id":8458,"date":"2023-04-17T10:11:39","date_gmt":"2023-04-17T08:11:39","guid":{"rendered":"https:\/\/www.tv-kirchzell.de\/?p=8458"},"modified":"2023-04-17T10:11:39","modified_gmt":"2023-04-17T08:11:39","slug":"damen-des-tv-kirchzell-und-tv-buergstadt-kuenftig-keine-gegner-mehr","status":"publish","type":"post","link":"https:\/\/www.tv-kirchzell.de\/?p=8458","title":{"rendered":"Damen des TV Kirchzell und TV B\u00fcrgstadt k\u00fcnftig keine Gegner mehr"},"content":{"rendered":"\n<p>Ab der kommenden Saison 2023\/24 werden die Damen vom TV Kirchzell und TV B\u00fcrgstadt keine Gegner mehr sein und getrennt auf Punktejagd gehen, sondern gemeinsam.<br>Wir werden k\u00fcnftig die FSG B\u00fcrgstadt\/Kirchzell sein.<\/p>\n\n\n\n<!--more-->\n\n\n\n<p>Wir werden mit 3 Mannschaften an den Start gehen.<\/p>\n\n\n\n<ol class=\"wp-block-list\">\n<li>Mannschaft &#8211; Landesliga<br>Trainer: Simon Wild und Johannes Zang<\/li>\n\n\n\n<li>Mannschaft &#8211; BOL<br>Trainer: Steffen Wenisch<\/li>\n\n\n\n<li>Mannschaft &#8211; A-Klasse<br>Trainerinnen: Lisa Gunkelmann, Eva Sch\u00fcssler, Stefanie Hofmann<\/li>\n<\/ol>\n\n\n\n<p>Die BOL soll in erster Linie auch als \u201eSprungbrett\u201c f\u00fcr die jungen Spielerinnen dienen, hier k\u00f6nnen sie viel Spielanteile erhalten.<br>Besonders die 1 &amp; 2. Damen-Mannschaft werden eng zusammenarbeiten.<\/p>\n","protected":false},"excerpt":{"rendered":"<p>Ab der kommenden Saison 2023\/24 werden die Damen vom TV Kirchzell und TV B\u00fcrgstadt keine Gegner mehr sein und getrennt auf Punktejagd gehen, sondern gemeinsam.Wir werden k\u00fcnftig die FSG B\u00fcrgstadt\/Kirchzell sein.<\/p>\n","protected":false},"author":26,"featured_media":0,"comment_status":"closed","ping_status":"open","sticky":false,"template":"","format":"standard","meta":{"footnotes":""},"categories":[7],"tags":[],"class_list":["post-8458","post","type-post","status-publish","format-standard","hentry","category-damen1"],"_links":{"self":[{"href":"https:\/\/www.tv-kirchzell.de\/index.php?rest_route=\/wp\/v2\/posts\/8458","targetHints":{"allow":["GET"]}}],"collection":[{"href":"https:\/\/www.tv-kirchzell.de\/index.php?rest_route=\/wp\/v2\/posts"}],"about":[{"href":"https:\/\/www.tv-kirchzell.de\/index.php?rest_route=\/wp\/v2\/types\/post"}],"author":[{"embeddable":true,"href":"https:\/\/www.tv-kirchzell.de\/index.php?rest_route=\/wp\/v2\/users\/26"}],"replies":[{"embeddable":true,"href":"https:\/\/www.tv-kirchzell.de\/index.php?rest_route=%2Fwp%2Fv2%2Fcomments&post=8458"}],"version-history":[{"count":1,"href":"https:\/\/www.tv-kirchzell.de\/index.php?rest_route=\/wp\/v2\/posts\/8458\/revisions"}],"predecessor-version":[{"id":8462,"href":"https:\/\/www.tv-kirchzell.de\/index.php?rest_route=\/wp\/v2\/posts\/8458\/revisions\/8462"}],"wp:attachment":[{"href":"https:\/\/www.tv-kirchzell.de\/index.php?rest_route=%2Fwp%2Fv2%2Fmedia&parent=8458"}],"wp:term":[{"taxonomy":"category","embeddable":true,"href":"https:\/\/www.tv-kirchzell.de\/index.php?rest_route=%2Fwp%2Fv2%2Fcategories&post=8458"},{"taxonomy":"post_tag","embeddable":true,"href":"https:\/\/www.tv-kirchzell.de\/index.php?rest_route=%2Fwp%2Fv2%2Ftags&post=8458"}],"curies":[{"name":"wp","href":"https:\/\/api.w.org\/{rel}","templated":true}]}}