{"id":8272,"date":"2023-03-20T22:11:23","date_gmt":"2023-03-20T21:11:23","guid":{"rendered":"https:\/\/www.tv-kirchzell.de\/?p=8272"},"modified":"2023-03-21T10:02:28","modified_gmt":"2023-03-21T09:02:28","slug":"tv-kirchzell-ueberzeugt-auch-in-dansenberg-und-holt-dritten-sieg-in-serie","status":"publish","type":"post","link":"https:\/\/www.tv-kirchzell.de\/?p=8272","title":{"rendered":"TV Kirchzell \u00fcberzeugt auch in Dansenberg und holt dritten Sieg in Serie"},"content":{"rendered":"\n<p>Mit einer starken Mannschaftsleistung sicherte sich der TV Kirchzell in Dansenberg wichtige Punkte im Kampf um den Klassenerhalt in der 3. Liga. Am Ende stand ein ungef\u00e4hrdeter 39:34-Erfolg zu Buche.<\/p>\n\n\n\n<!--more-->\n\n\n\n<p>Eigentlich erzielte der TVK 40 Tore beim Tus Dansenberg, doch die Schiedsgericht-Verantwortlichen sahen dies anders, nahmen in Halbzeit eins ein Tor vom Spielberichtsbogen. Am Ende reichten auch 39 Treffer zum Erfolg. Joshua Osifo erwischte mit zehn Toren bei zw\u00f6lf Versuchen einen Sahnetag. Tom Spie\u00df war der Denker und Lenker und steuerte noch acht Treffer zum Sieg bei.<\/p>\n\n\n\n<p>Die Kirchzeller f\u00fchrten nach zw\u00f6lf Minuten bereits mit 7:1. Dansenbergs Trainer Thomas Weber nahm die Auszeit. Doch es fiel erst nach 14 Minuten das zweite Tor f\u00fcr die Hausherren. Diese spielten zu statisch, erlaubten sich viele Fehlw\u00fcrfe und verloren die Zweik\u00e4mpfe. Auch ein Torh\u00fcterwechsel brachte nicht den gew\u00fcnschten Erfolg.<\/p>\n\n\n\n<p>Der TVK spielte im Angriff sehr diszipliniert und konsequent, nutzte seine Chancen sehr geschickt aus. Einziger Wermutstropfen: Antonio Schnellbacher musste nach einem Foul in der Anfangsphase verletzt ausscheiden.<\/p>\n\n\n\n<p>Mit 17:13 f\u00fcr die G\u00e4ste ging es in die Pause. Schon zu diesem Zeitpunkt war TVK-Trainer Alex Hauptmann sehr zufrieden: \u201eWir haben eine gute Abwehr gestellt und vorne sehr clever gespielt.\u201c<\/p>\n\n\n\n<p>Nach dem Wechsel kn\u00fcpften die G\u00e4ste nahtlos an die gezeigte Leistung der ersten H\u00e4lfte an. Sie lie\u00dfen den Dansenbergern nicht den Hauch einer Chance, waren immer einen Schritt schneller und hielten das Tempo hoch. Den Hausherren hingegen wollte nichts gelingen. Egal, was sie spielten, sei es eine 6-0, 5-1- oder 4-2-Deckung, der TVK hatte immer eine Antwort parat.<\/p>\n\n\n\n<p>Die Abwehr des TVK war trotz der 34 kassierten Treffer gut, der TuS kam phasenweise nicht damit zurecht. Sie liefen stets einem F\u00fcnf- oder Sechs-Tore-R\u00fcckstand hinterher.<\/p>\n\n\n\n<p>\u201eWir haben aufopferungsvoll gek\u00e4mpft und ganz viele Dinge richtig gut gemacht. Ich bin sehr zufrieden. Heute d\u00fcrfen wir ein bisschen feiern. Aber ab morgen wird wieder auf die Bremse gedr\u00fcckt, denn noch sind wir nicht aus dem Schneider und brauchen auch n\u00e4chste Woche die Punkte\u201c, so Alex Hauptmann.<\/p>\n\n\n\n<p>Die vielen mitgereisten Fans sorgten f\u00fcr m\u00e4chtig Stimmung in der Halle und machten \u00fcber 60 Minuten lang das Ausw\u00e4rts- zu einem Heimspiel. Vielen Dank f\u00fcr eure zahlreiche und lautstarke Unterst\u00fctzung!<\/p>\n\n\n\n<p>Am kommenden Samstag geht es f\u00fcr den TV Kirchzell in heimischer Halle gegen die HSG Rodgau\/Nieder-Roden.<\/p>\n\n\n\n<p>TV Kirchzell:&nbsp;J\u00f6rg, L\u00f6ffelmann; David 4, H\u00e4ufgl\u00f6ckner 2\/1, Polixenidis 3, Schnellbacher 1, Blank, Spie\u00df 8\/1, Osifo 10, Soloviov 2, Ihmer 2, Gl\u00e4ser 3, Klenk 4<\/p>\n","protected":false},"excerpt":{"rendered":"<p>Mit einer starken Mannschaftsleistung sicherte sich der TV Kirchzell in Dansenberg wichtige Punkte im Kampf um den Klassenerhalt in der 3. Liga. Am Ende stand ein ungef\u00e4hrdeter 39:34-Erfolg zu Buche.<\/p>\n","protected":false},"author":26,"featured_media":8275,"comment_status":"closed","ping_status":"open","sticky":false,"template":"","format":"standard","meta":{"footnotes":""},"categories":[5],"tags":[],"class_list":["post-8272","post","type-post","status-publish","format-standard","has-post-thumbnail","hentry","category-1mannschaft"],"_links":{"self":[{"href":"https:\/\/www.tv-kirchzell.de\/index.php?rest_route=\/wp\/v2\/posts\/8272","targetHints":{"allow":["GET"]}}],"collection":[{"href":"https:\/\/www.tv-kirchzell.de\/index.php?rest_route=\/wp\/v2\/posts"}],"about":[{"href":"https:\/\/www.tv-kirchzell.de\/index.php?rest_route=\/wp\/v2\/types\/post"}],"author":[{"embeddable":true,"href":"https:\/\/www.tv-kirchzell.de\/index.php?rest_route=\/wp\/v2\/users\/26"}],"replies":[{"embeddable":true,"href":"https:\/\/www.tv-kirchzell.de\/index.php?rest_route=%2Fwp%2Fv2%2Fcomments&post=8272"}],"version-history":[{"count":3,"href":"https:\/\/www.tv-kirchzell.de\/index.php?rest_route=\/wp\/v2\/posts\/8272\/revisions"}],"predecessor-version":[{"id":8277,"href":"https:\/\/www.tv-kirchzell.de\/index.php?rest_route=\/wp\/v2\/posts\/8272\/revisions\/8277"}],"wp:featuredmedia":[{"embeddable":true,"href":"https:\/\/www.tv-kirchzell.de\/index.php?rest_route=\/wp\/v2\/media\/8275"}],"wp:attachment":[{"href":"https:\/\/www.tv-kirchzell.de\/index.php?rest_route=%2Fwp%2Fv2%2Fmedia&parent=8272"}],"wp:term":[{"taxonomy":"category","embeddable":true,"href":"https:\/\/www.tv-kirchzell.de\/index.php?rest_route=%2Fwp%2Fv2%2Fcategories&post=8272"},{"taxonomy":"post_tag","embeddable":true,"href":"https:\/\/www.tv-kirchzell.de\/index.php?rest_route=%2Fwp%2Fv2%2Ftags&post=8272"}],"curies":[{"name":"wp","href":"https:\/\/api.w.org\/{rel}","templated":true}]}}