{"id":8107,"date":"2023-02-03T14:35:33","date_gmt":"2023-02-03T13:35:33","guid":{"rendered":"https:\/\/www.tv-kirchzell.de\/?p=8107"},"modified":"2023-02-03T14:35:33","modified_gmt":"2023-02-03T13:35:33","slug":"tv-kirchzell-faehrt-als-krasser-aussenseiter-zum-tabellenfuehrer-hanau","status":"publish","type":"post","link":"https:\/\/www.tv-kirchzell.de\/?p=8107","title":{"rendered":"TV Kirchzell f\u00e4hrt als krasser Au\u00dfenseiter zum Tabellenf\u00fchrer Hanau"},"content":{"rendered":"\n<p>Der TV Kirch\u00adzell hat am ver\u00adgan\u00adge\u00adnen Wo\u00adche\u00adn\u00aden\u00adde in Mun\u00adden\u00adheim ei\u00adnen sou\u00adve\u00adr\u00e4\u00adnen Sieg ein\u00adge\u00adfah\u00adren und sich in der Ta\u00adbel\u00adle auf den zehn\u00adten Platz ge\u00adscho\u00adben. Nach 19 Spie\u00adlen hat der TVK nun 15:23 Punk\u00adte auf dem Kon\u00adto. <\/p>\n\n\n\n<!--more-->\n\n\n\n<p>Doch sich auf die\u00adsem Er\u00adfolg aus\u00adzu\u00adru\u00adhen, ist nicht drin, denn am Sonn\u00adtag steht das n\u00e4chs\u00adte Spiel an. Mit Spitzenreiter HSG Hanau haben die Kirchzeller ein anderes Kaliber vor der Brust, so dass die Trauben richtig hoch h\u00e4ngen.<\/p>\n\n\n\n<p>Mit 33:5 Z\u00e4hlern steht die Mannschaft von Trainer Hannes Geist v\u00f6llig zurecht ganz vorne in der Tabelle. Wie es momentan aussieht, werden in der Staffel S\u00fcd-West der 3. Liga der TuS Ferndorf und die Hanauer in die Aufstiegsrunde zur zweiten Bundesliga einziehen.<\/p>\n\n\n\n<p>Die letzten neun Begegnungen hat die HSG allesamt f\u00fcr sich entschieden. Die letzte Niederlage resultiert vom November 2022. Damals verlor Hanau in Ferndorf mit 24:25. Trainer Geist kann auf einen ausgeglichen besetzten Kader zur\u00fcckgreifen. Mit Can Adanir im Tor, Luca Braun, Max Bergold, Dennis Geist, Jan-Eric Ritter und Jonas Ahrensmeier stehen b\u00e4renstarke Akteure im Team.\u00a0<\/p>\n\n\n\n<p>Doch TVK-Trainer Alex Hauptmann sagt trotz der personellen Dominanz des Gegners: \u201eWir fahren ohne Angst dahin. Wir m\u00fcssen unsere Leistung abliefern und das zeigen, was wir k\u00f6nnen. Unsere Jungs haben sich super in der Tabelle hinten rausgespielt, und wir wollen auch in Hanau Farbe bekennen.\u201c Der Coach kann im Moment aus dem Vollen sch\u00f6pfen. Die Zeiten, in der es in der Trainingshalle aufgrund von Erkrankungen oder Verletzungen ganz viel Platz gab, sind aktuell vorbei. \u201eWir nehmen den Schwung der letzten Spiele mit nach Hanau und wollen uns dort von unserer besten Seite zeigen\u201c, so Hauptmann.<\/p>\n\n\n\n<p>F\u00fcr Kirchzell geht es weiterhin um den Klassenerhalt und sie werden alles reinwerfen. Das Hinspiel im Oktober hatte die HSG klar mit 27:21 gewonnen. Das R\u00fcckspiel am Sonntag, 5. Februar, in der Main-Kinzig-Halle wird um 17 Uhr angepfiffen.<\/p>\n","protected":false},"excerpt":{"rendered":"<p>Der TV Kirch\u00adzell hat am ver\u00adgan\u00adge\u00adnen Wo\u00adche\u00adn\u00aden\u00adde in Mun\u00adden\u00adheim ei\u00adnen sou\u00adve\u00adr\u00e4\u00adnen Sieg ein\u00adge\u00adfah\u00adren und sich in der Ta\u00adbel\u00adle auf den zehn\u00adten Platz ge\u00adscho\u00adben. Nach 19 Spie\u00adlen hat der TVK nun 15:23 Punk\u00adte auf dem Kon\u00adto.<\/p>\n","protected":false},"author":26,"featured_media":0,"comment_status":"closed","ping_status":"open","sticky":false,"template":"","format":"standard","meta":{"footnotes":""},"categories":[5],"tags":[],"class_list":["post-8107","post","type-post","status-publish","format-standard","hentry","category-1mannschaft"],"_links":{"self":[{"href":"https:\/\/www.tv-kirchzell.de\/index.php?rest_route=\/wp\/v2\/posts\/8107","targetHints":{"allow":["GET"]}}],"collection":[{"href":"https:\/\/www.tv-kirchzell.de\/index.php?rest_route=\/wp\/v2\/posts"}],"about":[{"href":"https:\/\/www.tv-kirchzell.de\/index.php?rest_route=\/wp\/v2\/types\/post"}],"author":[{"embeddable":true,"href":"https:\/\/www.tv-kirchzell.de\/index.php?rest_route=\/wp\/v2\/users\/26"}],"replies":[{"embeddable":true,"href":"https:\/\/www.tv-kirchzell.de\/index.php?rest_route=%2Fwp%2Fv2%2Fcomments&post=8107"}],"version-history":[{"count":1,"href":"https:\/\/www.tv-kirchzell.de\/index.php?rest_route=\/wp\/v2\/posts\/8107\/revisions"}],"predecessor-version":[{"id":8108,"href":"https:\/\/www.tv-kirchzell.de\/index.php?rest_route=\/wp\/v2\/posts\/8107\/revisions\/8108"}],"wp:attachment":[{"href":"https:\/\/www.tv-kirchzell.de\/index.php?rest_route=%2Fwp%2Fv2%2Fmedia&parent=8107"}],"wp:term":[{"taxonomy":"category","embeddable":true,"href":"https:\/\/www.tv-kirchzell.de\/index.php?rest_route=%2Fwp%2Fv2%2Fcategories&post=8107"},{"taxonomy":"post_tag","embeddable":true,"href":"https:\/\/www.tv-kirchzell.de\/index.php?rest_route=%2Fwp%2Fv2%2Ftags&post=8107"}],"curies":[{"name":"wp","href":"https:\/\/api.w.org\/{rel}","templated":true}]}}