{"id":8031,"date":"2023-01-13T10:24:22","date_gmt":"2023-01-13T09:24:22","guid":{"rendered":"https:\/\/www.tv-kirchzell.de\/?p=8031"},"modified":"2023-01-13T10:24:53","modified_gmt":"2023-01-13T09:24:53","slug":"tv-kirchzell-will-in-gummersbach-punkten-und-mit-punkten-ins-neue-jahr-starten","status":"publish","type":"post","link":"https:\/\/www.tv-kirchzell.de\/?p=8031","title":{"rendered":"TV Kirchzell will in Gummersbach punkten und gut ins neue Jahr starten"},"content":{"rendered":"\n<p>Die kur\u00adze Weih\u00adnachts\u00adpau\u00adse ist f\u00fcr die Hand\u00adbal\u00adler in der Staf\u00adfel S\u00fcd-West vor\u00adbei und be\u00adreits ab Frei\u00adtag geht die Jagd nach Punk\u00adten wei\u00adter.<\/p>\n\n\n\n<p>Die Trainer des TV Kirchzell haben ihre Sch\u00fctzlinge schon zwei Tage nach Neujahr wieder in die Trainingshalle gebeten und haben den Heilige-Drei-K\u00f6nig-Feiertag sogar f\u00fcr zwei intensive Einheiten genutzt. Der Feiertag und das darauffolgende Wochenende kam den Kirchzellern gerade recht, um an einigen Dingen, die vor der Weihnachtspause nicht so gut gelaufen sind, zu arbeiten. Diese Woche l\u00e4uft das Training in normalen Bahnen und die Vorbereitung auf den kommenden Gegner steht im Fokus.\u00a0<\/p>\n\n\n\n<p>Das erste Spiel im neuen Jahr f\u00fchrt die Odenw\u00e4lder ins Oberbergische nach Gummersbach. Die Gastgeber haben nach 15 Spielen 14:16 Punkte auf dem Konto und stehen auf Platz acht der Tabelle. Die zweite Mannschaft des Erstligisten ist recht solide in die Saison gestartet, hatte aber zwischendurch immer wieder einige H\u00e4nger. So blieb zuletzt die Heimniederlage gegen Pohlheim, die 41:29-Klatsche in Hanau und eine weitere Heimniederlage gegen Saarlouis im Ged\u00e4chtnis.\u00a0<\/p>\n\n\n\n<p>TVK-Trainer Andi Kunz sagte: \u201eDie letzte Niederlage des VfL war sicher der personellen Situation geschuldet. Gummersbach ist ein typisches Nachwuchs-Team. Der VfL spielt f\u00fcr so ein junges Team sehr clever, ist sehr schnell unterwegs und egal ob beim Passspiel oder beim eins-gegen-eins, die Mannschaft spielt einen effektiven Handball.\u201c<\/p>\n\n\n\n<p>Im Hinspiel im September, das der TVK knapp mit 31:32 verlor, hatten sich die Kunz-Sch\u00fctzlinge gut auf die offensive Abwehr eingestellt und hatten immer wieder L\u00f6sungen zum Beispiel gegen die R\u00fcckraumsch\u00fctzen Moritz K\u00f6ster und Paul Ohl oder gegen die Au\u00dfen Finn Schroven und Kieran Unbehaun parat. \u201eEgal, wie gut die einzelnen Spieler der Gummersbacher sind. Wir fahren dahin um zu gewinnen, denn von den verbleibenden zehn Spielen m\u00fcssen wir m\u00f6glichst viele gewinnen\u201c, so Kunz.\u00a0<\/p>\n\n\n\n<p>Mit welchem Personal der VfL auflaufen wird, bleibt abzuwarten. Andi Kunz erwartet den einen oder anderen Spieler aus der ersten Mannschaft, die w\u00e4hrend der WM-Pause \u201eeventuell unten auftauchen k\u00f6nnten. Das kann im Januar bei den zweiten Mannschaften immer ein \u00dcberraschungspaket werden. Warten wir ab, ob wir auf das Team treffen, auf das wir uns vorbereitet haben.\u201c Beim TVK sind, bis auf die Langzeitverletzten, alle dabei und der Coach hofft, dass er auf Moritz Klenk in der spielfreien Zeit des TV Gro\u00dfwallstadt zur\u00fcck greifen kann. \u201eMoritz war zum Trainingsauftakt dabei und wir bauen auf ihn\u201c, so Andi Kunz.\u00a0<\/p>\n\n\n\n<p>Das Spiel in Gummersbach beginnt am Sonntag, den 15.01.2023 um 17 Uhr und wird wie immer auf sportdeutschland.tv zu sehen sein. Dr\u00fccken wir unserem TVK die Daumen f\u00fcr einen guten Start ins Jahr 2023!<\/p>\n","protected":false},"excerpt":{"rendered":"<p>Die kur\u00adze Weih\u00adnachts\u00adpau\u00adse ist f\u00fcr die Hand\u00adbal\u00adler in der Staf\u00adfel S\u00fcd-West vor\u00adbei und be\u00adreits ab Frei\u00adtag geht die Jagd nach Punk\u00adten wei\u00adter. Die Trainer des TV Kirchzell haben ihre Sch\u00fctzlinge schon zwei Tage nach Neujahr wieder in die Trainingshalle gebeten und haben den Heilige-Drei-K\u00f6nig-Feiertag sogar f\u00fcr zwei intensive Einheiten genutzt.<\/p>\n","protected":false},"author":26,"featured_media":0,"comment_status":"closed","ping_status":"open","sticky":false,"template":"","format":"standard","meta":{"footnotes":""},"categories":[5],"tags":[],"class_list":["post-8031","post","type-post","status-publish","format-standard","hentry","category-1mannschaft"],"_links":{"self":[{"href":"https:\/\/www.tv-kirchzell.de\/index.php?rest_route=\/wp\/v2\/posts\/8031","targetHints":{"allow":["GET"]}}],"collection":[{"href":"https:\/\/www.tv-kirchzell.de\/index.php?rest_route=\/wp\/v2\/posts"}],"about":[{"href":"https:\/\/www.tv-kirchzell.de\/index.php?rest_route=\/wp\/v2\/types\/post"}],"author":[{"embeddable":true,"href":"https:\/\/www.tv-kirchzell.de\/index.php?rest_route=\/wp\/v2\/users\/26"}],"replies":[{"embeddable":true,"href":"https:\/\/www.tv-kirchzell.de\/index.php?rest_route=%2Fwp%2Fv2%2Fcomments&post=8031"}],"version-history":[{"count":2,"href":"https:\/\/www.tv-kirchzell.de\/index.php?rest_route=\/wp\/v2\/posts\/8031\/revisions"}],"predecessor-version":[{"id":8033,"href":"https:\/\/www.tv-kirchzell.de\/index.php?rest_route=\/wp\/v2\/posts\/8031\/revisions\/8033"}],"wp:attachment":[{"href":"https:\/\/www.tv-kirchzell.de\/index.php?rest_route=%2Fwp%2Fv2%2Fmedia&parent=8031"}],"wp:term":[{"taxonomy":"category","embeddable":true,"href":"https:\/\/www.tv-kirchzell.de\/index.php?rest_route=%2Fwp%2Fv2%2Fcategories&post=8031"},{"taxonomy":"post_tag","embeddable":true,"href":"https:\/\/www.tv-kirchzell.de\/index.php?rest_route=%2Fwp%2Fv2%2Ftags&post=8031"}],"curies":[{"name":"wp","href":"https:\/\/api.w.org\/{rel}","templated":true}]}}