{"id":7973,"date":"2022-12-13T11:31:46","date_gmt":"2022-12-13T10:31:46","guid":{"rendered":"https:\/\/www.tv-kirchzell.de\/?p=7973"},"modified":"2022-12-13T11:31:46","modified_gmt":"2022-12-13T10:31:46","slug":"tus-ferndorf-wird-seiner-favoritenrolle-gerecht-und-laesst-dem-tv-kirchzell-keine-chance","status":"publish","type":"post","link":"https:\/\/www.tv-kirchzell.de\/?p=7973","title":{"rendered":"TuS Ferndorf wird seiner Favoritenrolle gerecht und l\u00e4sst dem TV Kirchzell keine Chance"},"content":{"rendered":"\n<p>Das vorletzte Spiel in diesem Jahr f\u00fchrte den TV Kirchzell zum Spitzenreiter nach Ferndorf. Dass dort die Trauben sehr hoch h\u00e4ngen, war den Kirchzellern bewusst und so stand unterm Strich letztlich auch eine nicht \u00fcberraschende 24:30-Niederlage. Die TVK-Trainer mussten erneut improvisieren, denn diesmal war Maximilian Gl\u00e4ser nicht dabei, Niklas Ihmer fehlte wegen gesundheitlichen Problemen und Michael Meyer-Ricks hatte sich im letzten Training die linke Hand geprellt, so dass er nur stark bandagiert spielen konnte.<\/p>\n\n\n\n<p>Die ebenfalls dezimierten Hausherren erwischten einen Traumstart und f\u00fchrten schnell mit 7:0. Auch deshalb, weil die G\u00e4ste zu wenig Druck aus dem R\u00fcckraum aus\u00fcbten und zu fr\u00fch ihren Kreisl\u00e4ufer suchten, was zun\u00e4chst nicht klappte. Die Ferndorfer erkannten dies schnell, erk\u00e4mpften sich immer wieder den Ball und versenkten ihn per Gegensto\u00df.<\/p>\n\n\n\n<p>Trotzdem k\u00e4mpften sich die Odenw\u00e4lder zur\u00fcck (8:5), verteidigten im 6 &#8211; 6 sehr gut und agierten vor allem mit viel Leidenschaft. Der Spitzenreiter lie\u00df allerdings die G\u00e4ste nicht n\u00e4her als drei Treffer herankommen, sondern hielt sie bis zur Pause auf Distanz. Letztlich ging es mit 16:12 in die Kabinen.<\/p>\n\n\n\n<p>Nach dem Wechsel hatten die Odenw\u00e4lder Anwurf und Tom Spie\u00df verk\u00fcrzte auf 13:16. Nicht nur der TuS tauschte den Torh\u00fcter, auch der TVK wechselte schon vor der Pause Joshua L\u00f6ffelmann f\u00fcr Tobias J\u00f6rg ein. Dieser gl\u00e4nzte mit guten Paraden und hielt, was zu halten war. Seine Vorderm\u00e4nner agierten nun konsequenter und das Zusammenspiel von Joshua Osifo auf den starken Kreisl\u00e4ufer Leon David passte richtig gut. Daraus resultierten neun Treffer von David, den die Ferndorfer im zweiten Abschnitt nie in den Griff bekamen.<\/p>\n\n\n\n<p>Die Kirchzeller bleiben beim 14:17 und 15:18 dran, doch immer wieder waren es Kleinigkeiten, die es den Hausherren erm\u00f6glichten, ihren Vorsprung aufzustocken. Auch in Unterzahl-Situationen spielte der TuS abgekl\u00e4rt. Allerdings machte den Gastgebern das aggressive Abwehrverhalten des TVK zu schaffen und alle Akteure leisteten Schwerstarbeit.<\/p>\n\n\n\n<p>Am Ende stand ein verdienter TuS-Sieg, den TVK-Trainer Andi Kunz anerkannte: \u201eWir haben zu Beginn zu naiv gespielt und es verpasst, Tore aus dem R\u00fcckraum zu schie\u00dfen. Aber wir haben leidenschaftlich verteidigt und es gab Situationen, wo wir auf drei dran waren. Da haben wir gehofft, dass der Gegner nerv\u00f6s wird, doch Ferndorf ist zu stark.\u201c<\/p>\n\n\n\n<p>N\u00e4chstes Wochenende kommt die HSG Pohlheim nach Miltenberg. Dann m\u00fcssen die n\u00e4chsten zwei Pluspunkte her.<\/p>\n\n\n\n<p>TV Kirchzell:\u00a0J\u00f6rg, L\u00f6ffelmann; David 9, Polixenidis 1, Schnellbacher 1, Blank, Spie\u00df 5\/3, Meyer-Ricks 3, Klenk 2, Osifo 3, Soloviov.<\/p>\n","protected":false},"excerpt":{"rendered":"<p>Das vorletzte Spiel in diesem Jahr f\u00fchrte den TV Kirchzell zum Spitzenreiter nach Ferndorf. Dass dort die Trauben sehr hoch h\u00e4ngen, war den Kirchzellern bewusst und so stand unterm Strich letztlich auch eine nicht \u00fcberraschende 24:30-Niederlage. Die TVK-Trainer mussten erneut improvisieren, denn diesmal war Maximilian Gl\u00e4ser nicht dabei, Niklas Ihmer<\/p>\n","protected":false},"author":26,"featured_media":0,"comment_status":"closed","ping_status":"open","sticky":false,"template":"","format":"standard","meta":{"footnotes":""},"categories":[5],"tags":[],"class_list":["post-7973","post","type-post","status-publish","format-standard","hentry","category-1mannschaft"],"_links":{"self":[{"href":"https:\/\/www.tv-kirchzell.de\/index.php?rest_route=\/wp\/v2\/posts\/7973","targetHints":{"allow":["GET"]}}],"collection":[{"href":"https:\/\/www.tv-kirchzell.de\/index.php?rest_route=\/wp\/v2\/posts"}],"about":[{"href":"https:\/\/www.tv-kirchzell.de\/index.php?rest_route=\/wp\/v2\/types\/post"}],"author":[{"embeddable":true,"href":"https:\/\/www.tv-kirchzell.de\/index.php?rest_route=\/wp\/v2\/users\/26"}],"replies":[{"embeddable":true,"href":"https:\/\/www.tv-kirchzell.de\/index.php?rest_route=%2Fwp%2Fv2%2Fcomments&post=7973"}],"version-history":[{"count":1,"href":"https:\/\/www.tv-kirchzell.de\/index.php?rest_route=\/wp\/v2\/posts\/7973\/revisions"}],"predecessor-version":[{"id":7974,"href":"https:\/\/www.tv-kirchzell.de\/index.php?rest_route=\/wp\/v2\/posts\/7973\/revisions\/7974"}],"wp:attachment":[{"href":"https:\/\/www.tv-kirchzell.de\/index.php?rest_route=%2Fwp%2Fv2%2Fmedia&parent=7973"}],"wp:term":[{"taxonomy":"category","embeddable":true,"href":"https:\/\/www.tv-kirchzell.de\/index.php?rest_route=%2Fwp%2Fv2%2Fcategories&post=7973"},{"taxonomy":"post_tag","embeddable":true,"href":"https:\/\/www.tv-kirchzell.de\/index.php?rest_route=%2Fwp%2Fv2%2Ftags&post=7973"}],"curies":[{"name":"wp","href":"https:\/\/api.w.org\/{rel}","templated":true}]}}