{"id":7949,"date":"2022-12-11T12:23:40","date_gmt":"2022-12-11T11:23:40","guid":{"rendered":"https:\/\/tv-kirchzell.de\/?p=7949"},"modified":"2022-12-11T12:26:56","modified_gmt":"2022-12-11T11:26:56","slug":"leserbrief-katastrophenstart-des-tvk-in-ferndorf-am-samstag-gegen-pohlheim","status":"publish","type":"post","link":"https:\/\/www.tv-kirchzell.de\/?p=7949","title":{"rendered":"Leserbrief: Katastrophenstart des TVK in Ferndorf \/ Am Samstag gegen Pohlheim"},"content":{"rendered":"\n<p>Ehe sich der TV Kirchzell am gestrigen Samstagabend versah, lag er nach 9:17 gespielten Minuten mit sage und schreibe 0:7(!) Toren im Hintertreffen. Was drohte, war eine deftige Schlappe beim unangefochtenen Spitzenreiter TUS Ferndorf. Doch weit gefehlt! <\/p>\n\n\n\n<!--more-->\n\n\n\n<p>Kirchzell fand nun immer mehr L\u00f6sungen im Abwehrverbund und auch vorne wurde danach so nach und nach kr\u00e4ftig eingenetzt. \u00dcber 1000 Zuschauer wurden Zeuge eines kurzen Aufb\u00e4umens der Gastmannschaft. <\/p>\n\n\n\n<p>Beim 12:16- Halbzeitstand war man noch so etwas wie auf Schlagdistanz zum Halbprofi- Team. Nach dem 18:15- Anschluss durch den an diesem Abend \u00fcberragenden Leon David nach 35:03 Minuten keimte kurzzeitig sogar Hoffnung auf, das Match noch ausgeglichener gestalten zu k\u00f6nnen. Doch Ferndorf hat eben eine \u00e4u\u00dferst abgezockte Truppe und zog immer wieder das Tempo an. <\/p>\n\n\n\n<p>\u00dcber die Stationen 20:15, 23:16, 28:22 bis hin zum 30:24- Endstand gewann der Gastgeber dann doch noch standesgem\u00e4\u00df und verdient, lief in den Hafen des Erfolges ein. <\/p>\n\n\n\n<p>Was w\u00e4re ohne den 0:7- Blackout zu Anfang passiert? Es sind Floskeln und f\u00fcr das relativ gute, aber verlorene Spiel kann man sich eben keinen Weihnachtsstern kaufen.<\/p>\n\n\n\n<p>Am kommenden Samstag ab 19:30 Uhr gastiert nun die HSG Pohlheim zum 2022- Halali in Miltenberg. Der Gast lies zuletzt durch viele und \u00e4u\u00dferst knappe Ergebnisse aufhorchen. Meist waren es trotzdem Niederlagen und man steht aktuell einen Rang hinter dem TVK. Trotz ungemein undankbarer Verletztenmisere ist der TVK am Samstag zum Siegen unabdingbar verdammt. Denn nur mit einem solchen ist der Abstand zu den Nichtabstiegsr\u00e4ngen noch nicht zu weit weg.<\/p>\n\n\n\n<p>Wie sagte doch Andi Kunz bei der Pressekonferenz unter anderem in Ferndorf treffend: Wir wollen und werden ab Januar mit dann hoffentlich voller Kapelle eine Aufholjagd starten! Gesagt und hoffentlich getan: am 17.12. ist bereits im Dezember die M\u00f6glichkeit hierf\u00fcr gegeben. Anwurf f\u00fcr das Kellerduell ist am Samstag, 17.12., um 19:30 Uhr in der Dreifachsporthalle Miltenberg<\/p>\n\n\n\n<p>Zum Abschluss des bald abgelaufenen Jahres 2022 noch ein kleines Gedicht:Euch allen w\u00fcnsche ich ein frohes Fest,f\u00fcr den 17.12. in der Halle recht viele G\u00e4st\u00b4.<\/p>\n\n\n\n<p>Gesegnete, frohe Weihnachten, Frieden auf Erden,dann wird das mit dem Klassenverbleib schon noch was werden.<\/p>\n\n\n\n<p>Das Jahr 2023 soll viel Gl\u00fcck nur bringen,Gesundheit vor allem, und das in allen Dingen.<\/p>\n\n\n\n<p>Die gro\u00dfe TVK- Familie ist wirklich der Hit,macht ab Januar dann erfolgreich Schritt f\u00fcr Schritt!<\/p>\n\n\n\n<p>Karlheinz Dolzer<\/p>\n","protected":false},"excerpt":{"rendered":"<p>Ehe sich der TV Kirchzell am gestrigen Samstagabend versah, lag er nach 9:17 gespielten Minuten mit sage und schreibe 0:7(!) Toren im Hintertreffen. Was drohte, war eine deftige Schlappe beim unangefochtenen Spitzenreiter TUS Ferndorf. Doch weit gefehlt!<\/p>\n","protected":false},"author":182,"featured_media":0,"comment_status":"closed","ping_status":"open","sticky":false,"template":"","format":"standard","meta":{"footnotes":""},"categories":[5,107],"tags":[],"class_list":["post-7949","post","type-post","status-publish","format-standard","hentry","category-1mannschaft","category-leserbrief"],"_links":{"self":[{"href":"https:\/\/www.tv-kirchzell.de\/index.php?rest_route=\/wp\/v2\/posts\/7949","targetHints":{"allow":["GET"]}}],"collection":[{"href":"https:\/\/www.tv-kirchzell.de\/index.php?rest_route=\/wp\/v2\/posts"}],"about":[{"href":"https:\/\/www.tv-kirchzell.de\/index.php?rest_route=\/wp\/v2\/types\/post"}],"author":[{"embeddable":true,"href":"https:\/\/www.tv-kirchzell.de\/index.php?rest_route=\/wp\/v2\/users\/182"}],"replies":[{"embeddable":true,"href":"https:\/\/www.tv-kirchzell.de\/index.php?rest_route=%2Fwp%2Fv2%2Fcomments&post=7949"}],"version-history":[{"count":2,"href":"https:\/\/www.tv-kirchzell.de\/index.php?rest_route=\/wp\/v2\/posts\/7949\/revisions"}],"predecessor-version":[{"id":7952,"href":"https:\/\/www.tv-kirchzell.de\/index.php?rest_route=\/wp\/v2\/posts\/7949\/revisions\/7952"}],"wp:attachment":[{"href":"https:\/\/www.tv-kirchzell.de\/index.php?rest_route=%2Fwp%2Fv2%2Fmedia&parent=7949"}],"wp:term":[{"taxonomy":"category","embeddable":true,"href":"https:\/\/www.tv-kirchzell.de\/index.php?rest_route=%2Fwp%2Fv2%2Fcategories&post=7949"},{"taxonomy":"post_tag","embeddable":true,"href":"https:\/\/www.tv-kirchzell.de\/index.php?rest_route=%2Fwp%2Fv2%2Ftags&post=7949"}],"curies":[{"name":"wp","href":"https:\/\/api.w.org\/{rel}","templated":true}]}}