{"id":7945,"date":"2022-12-08T18:26:04","date_gmt":"2022-12-08T17:26:04","guid":{"rendered":"https:\/\/www.tv-kirchzell.de\/?p=7945"},"modified":"2022-12-08T18:26:04","modified_gmt":"2022-12-08T17:26:04","slug":"tvk-handballer-reisen-befluegelt-zu-spitzenreiter-tus-ferndorf","status":"publish","type":"post","link":"https:\/\/www.tv-kirchzell.de\/?p=7945","title":{"rendered":"TVK-Handballer reisen befl\u00fcgelt zu Spitzenreiter TuS Ferndorf"},"content":{"rendered":"\n<p>Nach dem Ach\u00adtungs\u00ader\u00adfolg ge\u00adgen die TSG Ha\u00df\u00adloch (25:25) vom Sams\u00adtag geht es nun f\u00fcr die Hand\u00adbal\u00adler des TV Kirch\u00adzell in der 3. Li\u00adga Staf\u00adfel S\u00fcd\u00adwest zum Spit\u00adzen\u00adrei\u00adter TuS Fern\u00addorf. In der Sporthalle St\u00e4hlerwiese in Kreuztal h\u00e4ngen die Trauben f\u00fcr das Team aus dem Odenwald hoch, denn der Titelfavorit hat in dieser Saison bis jetzt gerade einmal drei Punkte abgegeben.<\/p>\n\n\n\n<!--more-->\n\n\n\n<p>Beim 25:25-Remis gegen Ha\u00dfloch zeigte der TVK eine starke k\u00e4mpferische Leistung. Zweimal befanden sich die Odenw\u00e4lder deutlich im Hintertreffen (4:10, 16:21), zweimal k\u00e4mpften sie sich ins Spiel zur\u00fcck. Darauf l\u00e4sst sich f\u00fcr die TVK-Trainer aufbauen. Andi Kunz sagt vor dem Ferndorf-Spiel: \u201eWir haben in den letzten Wochen Schritte nach vorne gesehen.\u201c Obwohl die Kirchzeller seit Wochen nicht in Bestbesetzung antreten k\u00f6nnen, weil mit Tim H\u00e4ufgl\u00f6ckner ein Leistungstr\u00e4ger fehlt und auch Brian Heinrich noch immer nicht fit ist.<\/p>\n\n\n\n<p>Ferndorf, in der vergangenen Saison aus der 2. Bundesliga abgestiegen, steht nach 14 Spielen mit 25:3 Punkten an der Tabellenspitze und will wieder aufsteigen. Bisher gab es Punktverluste nur bei einem Remis gegen Dansenberg und einer knappen Niederlage gegen Ha\u00dfloch. Alle anderen Matches hat das Team von Trainer Robert Andersson mehr oder minder souver\u00e4n gewonnen.<\/p>\n\n\n\n<p>Mit den R\u00fcckraumspielern Marvin Mundus, J\u00f6rn Persson und Au\u00dfen Josip Eres hat Ferndorf starke Akteure in seinen Reihen. Auch Lucas Puhl oder Tim Hottgenroth im Tor haben Zweitliganiveau. Daher sagt Andi Kunz: \u201eWir m\u00fcssen jetzt bei einem Team antreten, das ganz vorne steht. Wir m\u00fcssen uns sehr gut pr\u00e4sentieren, mit viel Disziplin spielen und unser R\u00fcckzugsverhalten gut vorbereiten.\u201c Die Abwehrleistung in den Spielen gegen Ha\u00dfloch und Gelnhausen macht dem Coach Mut: \u201eWenn wir den Gegner im 6-6 haben, dann wird es schwer, uns zu knacken, und wir haben die Chance, das Ergebnis eng zu gestalten.\u201c So wollen es die Kirchzeller auch in Ferndorf angehen.<\/p>\n\n\n\n<p>Neuzugang Moritz Klenk, der mit einem Zweitspielrecht f\u00fcr Kirchzell ausgestattet wurde, zeigte sich Mitte der Woche zuversichtlich, dass er im Siegerland trotz der Zweitligapartie des TV Gro\u00dfwallstadt am Vorabend dabei sein wird. Trainer Kunz w\u00fcrde das freuen, denn: \u201eEr ist ein Allrounder, der Speed mitbringt.\u201c<\/p>\n\n\n\n<p>Das Spiel im Siegerland wird am Samstag, 10.12.2022 ab 19:00 Uhr bei sportdeutschland.tv \u00fcbertragen. Unterst\u00fctzt den TVK bei diesem schweren Ausw\u00e4rtsspiel von zu Hause und schaltet ein!<\/p>\n","protected":false},"excerpt":{"rendered":"<p>Nach dem Ach\u00adtungs\u00ader\u00adfolg ge\u00adgen die TSG Ha\u00df\u00adloch (25:25) vom Sams\u00adtag geht es nun f\u00fcr die Hand\u00adbal\u00adler des TV Kirch\u00adzell in der 3. Li\u00adga Staf\u00adfel S\u00fcd\u00adwest zum Spit\u00adzen\u00adrei\u00adter TuS Fern\u00addorf. In der Sporthalle St\u00e4hlerwiese in Kreuztal h\u00e4ngen die Trauben f\u00fcr das Team aus dem Odenwald hoch, denn der Titelfavorit hat in<\/p>\n","protected":false},"author":26,"featured_media":0,"comment_status":"closed","ping_status":"open","sticky":false,"template":"","format":"standard","meta":{"footnotes":""},"categories":[5],"tags":[],"class_list":["post-7945","post","type-post","status-publish","format-standard","hentry","category-1mannschaft"],"_links":{"self":[{"href":"https:\/\/www.tv-kirchzell.de\/index.php?rest_route=\/wp\/v2\/posts\/7945","targetHints":{"allow":["GET"]}}],"collection":[{"href":"https:\/\/www.tv-kirchzell.de\/index.php?rest_route=\/wp\/v2\/posts"}],"about":[{"href":"https:\/\/www.tv-kirchzell.de\/index.php?rest_route=\/wp\/v2\/types\/post"}],"author":[{"embeddable":true,"href":"https:\/\/www.tv-kirchzell.de\/index.php?rest_route=\/wp\/v2\/users\/26"}],"replies":[{"embeddable":true,"href":"https:\/\/www.tv-kirchzell.de\/index.php?rest_route=%2Fwp%2Fv2%2Fcomments&post=7945"}],"version-history":[{"count":1,"href":"https:\/\/www.tv-kirchzell.de\/index.php?rest_route=\/wp\/v2\/posts\/7945\/revisions"}],"predecessor-version":[{"id":7946,"href":"https:\/\/www.tv-kirchzell.de\/index.php?rest_route=\/wp\/v2\/posts\/7945\/revisions\/7946"}],"wp:attachment":[{"href":"https:\/\/www.tv-kirchzell.de\/index.php?rest_route=%2Fwp%2Fv2%2Fmedia&parent=7945"}],"wp:term":[{"taxonomy":"category","embeddable":true,"href":"https:\/\/www.tv-kirchzell.de\/index.php?rest_route=%2Fwp%2Fv2%2Fcategories&post=7945"},{"taxonomy":"post_tag","embeddable":true,"href":"https:\/\/www.tv-kirchzell.de\/index.php?rest_route=%2Fwp%2Fv2%2Ftags&post=7945"}],"curies":[{"name":"wp","href":"https:\/\/api.w.org\/{rel}","templated":true}]}}