{"id":7892,"date":"2022-11-28T14:39:28","date_gmt":"2022-11-28T13:39:28","guid":{"rendered":"https:\/\/www.tv-kirchzell.de\/?p=7892"},"modified":"2022-11-28T14:39:28","modified_gmt":"2022-11-28T13:39:28","slug":"bittere-2122-niederlage-fuer-den-tv-kirchzell-gegen-den-tv-gelnhausen","status":"publish","type":"post","link":"https:\/\/www.tv-kirchzell.de\/?p=7892","title":{"rendered":"Bittere 21:22-Niederlage f\u00fcr den TV Kirchzell gegen den TV Gelnhausen"},"content":{"rendered":"\n<p>Die Ent\u00adt\u00e4u\u00adschung nach der bit\u00adte\u00adren 21:22-Nie\u00adder\u00adla\u00adge ge\u00adgen den TV Geln\u00adhau\u00adsen war der Kirch\u00adzel\u00adler Mann\u00adschaft und ih\u00adren An\u00adh\u00e4n\u00adgern ins Ge\u00adsicht ge\u00adschrie\u00adben. Besonders bitter ist sie, weil der Gast sich schon immer bei seinen Ausw\u00e4rtsspielen gegen Kirchzell sehr schwergetan hat. So auch diesmal. Allerdings hatte der TVG diesmal das gl\u00fccklichere Ende auf seiner Seite.<\/p>\n\n\n\n<!--more-->\n\n\n\n<p>Die Hausherren schickten diesmal Joshua L\u00f6ffelmann von Anfang an zwischen die Pfosten. Der machte seine Sache, wie schon zuletzt in Nieder-Roden, sehr gut. Auch half Maximilian Gl\u00e4ser wieder aus, musste allerdings in der 49. Minute nach drei Zeitstrafen auf der Trib\u00fcne Platz nehmen. Generell verh\u00e4ngten die Schiedsrichter in dem fairen Spiel viele Zeitstrafen. Insgesamt waren es elf. Hinzu kamen noch zehn Strafw\u00fcrfe f\u00fcr die G\u00e4ste, denen einer der Kirchzeller gegen\u00fcberstand.<\/p>\n\n\n\n<p>Die Gastgeber erwischten den besseren Start, f\u00fchrten schnell mit 3:0. Den G\u00e4sten gelang der erste Treffer erst nach neun Minuten. Nach zw\u00f6lf Minuten glich der TVG aus &#8211; von da an wogte die Partie hin und her. Beide Abwehrreihen standen gut, beide Torh\u00fcter &#8211; L\u00f6ffelmann auf der einen, Julian Lahme auf der anderen Seite &#8211; waren gut aufgelegt, so dass wenig Tore fielen. 8:8 stand es nach 24 Minuten. Die 9:8-F\u00fchrung der G\u00e4ste machten die Hausherren mit drei sch\u00f6nen Treffern von Polixenidis, Spie\u00df und Blank bis zur 28. Minute schnell mehr als wett und mit dem 11:9 ging es auch in die Pause.<\/p>\n\n\n\n<p>Tom Spie\u00df, Dreh- und Angelpunkt sowie Vollstrecker gleichzeitig, brachte sein Team nach dem Wechsel mit 12:9 in Front. Der Drei-Tore-Vorsprung hielt bis zur 34. Minute an (13:10). Joshua Osifo fiel zu diesem Zeitpunkt bei einer Aktion auf den Hinterkopf, konnte danach nur noch kurz eingesetzt werden. Die Intensit\u00e4t auf dem Parkett nahm zu, die Abwehrreihen leisteten Schwerstarbeit. Doch es war auch zu sehen, dass sich der TVG immer besser zurechtfand (13:13). Das 14:13 (40. Minute) durch Tom Spie\u00df sollte bis zur 53. Minute (20:19) die letzte F\u00fchrung gewesen sein.<\/p>\n\n\n\n<p>Drei Treffer in Folge f\u00fcr den TVG l\u00e4uteten die TVK-Niederlage ein. Die Hektik in der Schlussphase wurde durch die Schiedsrichter noch verst\u00e4rkt. Am Ende stand ein knapper 22:21 Sieg der G\u00e4ste. Allerdings w\u00e4re ein Unentschieden dem Spielverlauf nach gerechter gewesen.<\/p>\n\n\n\n<p>\u201eIn der ersten H\u00e4lfte haben wir ein tolles Team gesehen, das sich an die Marschroute gehalten hat. Danach haben wir den TVG zu schnell rankommen lassen. Der Ausfall von Osifo und das Rot von Gl\u00e4ser kamen erschwerend hinzu. Aber unser Team steht jede Woche wieder auf und k\u00e4mpft weiter\u201c, so TVK-Trainer Alex Hauptmann. F\u00fcr diese Worte bekam er viel Applaus.<\/p>\n\n\n\n<p>Bereits am kommenden Samstag steht f\u00fcr den TV Kirchzell das n\u00e4chste Heimspiel auf dem Plan. Das Spiel gegen die TSG Ha\u00dfloch ist zugleich das erste Spiel der nun beginnenden R\u00fcckrunde.<\/p>\n\n\n\n<p>TV Kirchzell:\u00a0L\u00f6ffelmann, J\u00f6rg; Gl\u00e4ser, David 2, Polixenidis 2, Schnellbacher, Blank 2, Spie\u00df 8\/1, Meyer-Ricks 4, Osifo 3, Soloviov, Ihmer, Hauptmann, Mattern.<\/p>\n\n\n\n<p>Bilder vom Spiel: <a href=\"https:\/\/www.tv-kirchzell.de\/?page_id=407&amp;imagetvkgalleryid=81\" target=\"_blank\" rel=\"noreferrer noopener\">https:\/\/www.tv-kirchzell.de\/?page_id=407&amp;imagetvkgalleryid=81<\/a><\/p>\n\n\n\n<p><\/p>\n","protected":false},"excerpt":{"rendered":"<p>Die Ent\u00adt\u00e4u\u00adschung nach der bit\u00adte\u00adren 21:22-Nie\u00adder\u00adla\u00adge ge\u00adgen den TV Geln\u00adhau\u00adsen war der Kirch\u00adzel\u00adler Mann\u00adschaft und ih\u00adren An\u00adh\u00e4n\u00adgern ins Ge\u00adsicht ge\u00adschrie\u00adben. Besonders bitter ist sie, weil der Gast sich schon immer bei seinen Ausw\u00e4rtsspielen gegen Kirchzell sehr schwergetan hat. So auch diesmal. Allerdings hatte der TVG diesmal das gl\u00fccklichere Ende auf<\/p>\n","protected":false},"author":26,"featured_media":0,"comment_status":"closed","ping_status":"open","sticky":false,"template":"","format":"standard","meta":{"footnotes":""},"categories":[5],"tags":[],"class_list":["post-7892","post","type-post","status-publish","format-standard","hentry","category-1mannschaft"],"_links":{"self":[{"href":"https:\/\/www.tv-kirchzell.de\/index.php?rest_route=\/wp\/v2\/posts\/7892","targetHints":{"allow":["GET"]}}],"collection":[{"href":"https:\/\/www.tv-kirchzell.de\/index.php?rest_route=\/wp\/v2\/posts"}],"about":[{"href":"https:\/\/www.tv-kirchzell.de\/index.php?rest_route=\/wp\/v2\/types\/post"}],"author":[{"embeddable":true,"href":"https:\/\/www.tv-kirchzell.de\/index.php?rest_route=\/wp\/v2\/users\/26"}],"replies":[{"embeddable":true,"href":"https:\/\/www.tv-kirchzell.de\/index.php?rest_route=%2Fwp%2Fv2%2Fcomments&post=7892"}],"version-history":[{"count":2,"href":"https:\/\/www.tv-kirchzell.de\/index.php?rest_route=\/wp\/v2\/posts\/7892\/revisions"}],"predecessor-version":[{"id":7894,"href":"https:\/\/www.tv-kirchzell.de\/index.php?rest_route=\/wp\/v2\/posts\/7892\/revisions\/7894"}],"wp:attachment":[{"href":"https:\/\/www.tv-kirchzell.de\/index.php?rest_route=%2Fwp%2Fv2%2Fmedia&parent=7892"}],"wp:term":[{"taxonomy":"category","embeddable":true,"href":"https:\/\/www.tv-kirchzell.de\/index.php?rest_route=%2Fwp%2Fv2%2Fcategories&post=7892"},{"taxonomy":"post_tag","embeddable":true,"href":"https:\/\/www.tv-kirchzell.de\/index.php?rest_route=%2Fwp%2Fv2%2Ftags&post=7892"}],"curies":[{"name":"wp","href":"https:\/\/api.w.org\/{rel}","templated":true}]}}