{"id":7815,"date":"2022-11-14T19:51:05","date_gmt":"2022-11-14T18:51:05","guid":{"rendered":"https:\/\/www.tv-kirchzell.de\/?p=7815"},"modified":"2022-11-17T11:56:40","modified_gmt":"2022-11-17T10:56:40","slug":"kirchzell-verschenkt-klare-fuehrung-und-verliert-gegen-den-tus-dansenberg","status":"publish","type":"post","link":"https:\/\/www.tv-kirchzell.de\/?p=7815","title":{"rendered":"Kirchzell verschenkt klare F\u00fchrung und verliert gegen den TuS Dansenberg"},"content":{"rendered":"\n<p>Ei\u00adne bit\u00adte\u00adre 18:25 Nie\u00adder\u00adla\u00adge muss\u00adte der TV Kirch\u00adzell am Samstagabend ge\u00adgen den TuS Dan\u00adsen\u00adberg hin\u00adneh\u00admen. Die Zuschauer sahen ein kurioses Spiel in der Mil\u00adten\u00adber\u00adger Sport\u00adhal\u00adle.<\/p>\n\n\n\n<!--more-->\n\n\n\n<p>Nach den ersten 20 Minuten, in denen die G\u00e4ste lediglich zwei Tore zustande brachten, h\u00e4tte wohl keiner einen Pfifferling auf Dansenberg gesetzt. Doch was dann in Halbzeit zwei passierte, das h\u00e4tte in der Form auch keiner erwartet.<\/p>\n\n\n\n<p>Ohne den grippekranken Niklas Ihmer und den noch immer verletzten Brian Heinrich zeigten die Kirchzeller von der ersten Minute an ein ganz anderes Gesicht als noch zuletzt in Friesenheim-Hochdorf. Aggressiv in der Abwehr, mit viel Kampfgeist ausgestattet und schnell auf den Beinen legten die Hausherren einen guten Start hin und f\u00fchrten nach sieben Minuten schon mit 4:1. TuS-Trainer Frank M\u00fcller nahm die erste Auszeit und versuchte, seine dezimierten Jungs wach zu r\u00fctteln. Aber der TVK verteidigte weiter sehr gut, nutzte die Fehler von Dansenberg geschickt aus und hatte auch die Dreh- und Angelpunkte des Gegners, R\u00fcckraumspieler Gunnar Dietrich und Jan Claussen sowie Sebastian B\u00f6sing am Kreis, unter Kontrolle.&nbsp;<\/p>\n\n\n\n<p>Die G\u00e4ste versuchten es ab Mitte der ersten H\u00e4lfte immer wieder mit dem siebten Feldspieler. Doch auch das st\u00f6rte den TVK nicht. Nach 20 Minuten stand es 8:2 und beim 9:3 nahm Frank M\u00fcller seine zweite Auszeit. Tim H\u00e4ufgl\u00f6ckner setzte zun\u00e4chst noch einen drauf (10:3), doch in der Folge agierten die Kirchzeller nicht mehr so konsequent und Dansenberg nutzte dies, um bis zur Pause den R\u00fcckstand auf vier Treffer zu verk\u00fcrzen. Nur sieben Gegentore lie\u00df der Odenwaldexpress in 30 Minuten zu. Das zeugte von einer sehr stabilen Defensive. Allerdings h\u00e4tten es im Angriff zu diesem Zeitpunkt schon ein paar Treffer mehr sein k\u00f6nnen.<\/p>\n\n\n\n<p>Sofort nach Wiederbeginn erh\u00f6hte der starke Tim H\u00e4ufgl\u00f6ckner per Strafwurf zum 12:7. Kurz danach drehte sich das Blatt und es war unglaublich zu sehen, wie sich ein Spiel innerhalb weniger Minuten v\u00f6llig ver\u00e4ndern konnte. Der gut aufgelegte Tom Spie\u00df sah in der 34. Minute nach einem Foul am ehemaligen Erstliga-Spieler Gunnar Dietrich die Rote Karte. Keine Minute sp\u00e4ter sah TuS-Spieler Marco Holstein ebenfalls Rot nach einem Foul an Tim H\u00e4ufgl\u00f6ckner. Und wieder Sekunden sp\u00e4ter musste H\u00e4ufgl\u00f6ckner verletzt vom Parkett und konnte nicht mehr eingesetzt werden. Ihmer krank, Heinrich verletzt, Spie\u00df mit Rot disqualifiziert, H\u00e4ufgl\u00f6ckner verletzt &#8211; die Alternativen auf der TVK-Bank schmolzen und die Ausf\u00e4lle der beiden Leistungstr\u00e4ger waren nicht zu kompensieren. <\/p>\n\n\n\n<p>So kippte innerhalb k\u00fcrzester Zeit das Spiel, das der TVK bis dato sicher verwaltete und aus einem 12:7 wurde ein 12:13 (38. Minute). Zwar gelang Joshua Osifo noch das 13:13 (40. Minute). Doch die G\u00e4ste nutzten die Gunst der Stunde, steigerten sich und mit f\u00fcnf Toren in Folge zogen sie auf 18:13 (47. Minute) davon. Jetzt lief es gerade andersrum und den Hausherren gelangen bis dahin lediglich zwei Treffer. TVK-Trainer Andi Kunz nahm die Auszeit, brachte den lange verletzten Nachwuchsspieler Louis Hauptmann auf Halbrechts, wechselte zum Ende hin den Torh\u00fcter. Aber es half alles nichts.&nbsp;Der TVK verliert mit 18:25.<\/p>\n\n\n\n<p>TuS-Trainer Frank M\u00fcller freute sich f\u00fcr sein Team: \u201eWir haben vorm Spiel gesagt, dass wir heute einen Schritt nach vorne machen wollen. In Halbzeit eins war es einer nach hinten, in Halbzeit zwei gef\u00fchlt zwei nach vorne. In den ersten 30 Minuten war die Bereitschaft nicht da. Das war nach der Pause besser und da war der Schl\u00fcssel zum Erfolg die Abwehr.\u201c TVK-Coach Andi Kunz gratulierte dem Gegner zum Sieg und machte aber auch seiner Mannschaft f\u00fcr die Abwehrarbeit in Halbzeit eins ein Riesenkompliment. \u00bbWas letzte Woche in Friesenheim so schlecht war, haben wir aufgearbeitet und heute zu Beginn gut gemacht. Auch das dominante gegnerische Kreisl\u00e4uferspiel, das in Halbzeit zwei zum Tragen kam, haben wir zun\u00e4chst gut unterbunden. Nach der Pause war es umgedreht. Aber durch den Ausfall von zwei Leistungstr\u00e4gern kann ich meiner Mannschaft keinen Vorwurf machen. Wir hoffen nur, dass Tim keine schlimme Verletzung hat.\u201c<\/p>\n\n\n\n<p>Am kommenden Samstag geht es f\u00fcr den TV Kirchzell zum Derby bei der HSG Rodgau Nieder-Roden.<\/p>\n\n\n\n<p>TV Kirchzell:&nbsp;J\u00f6rg, L\u00f6ffelmann, David 2, H\u00e4ufgl\u00f6ckner 4\/4, Polixenidis 5, Schnellbacher 1, Blank, Spie\u00df 3, Meyer-Ricks, Osifo 3, Soloviov, Hauptmann, Mattern<\/p>\n\n\n\n<p>Bilder vom Spiel findet ihr hier:<\/p>\n\n\n\n<p><a href=\"https:\/\/www.tv-kirchzell.de\/?page_id=407&amp;imagetvkgalleryid=80\">https:\/\/www.tv-kirchzell.de\/?page_id=407&amp;imagetvkgalleryid=80<\/a><\/p>\n\n\n\n<p><\/p>\n\n\n\n<p><\/p>\n","protected":false},"excerpt":{"rendered":"<p>Ei\u00adne bit\u00adte\u00adre 18:25 Nie\u00adder\u00adla\u00adge muss\u00adte der TV Kirch\u00adzell am Samstagabend ge\u00adgen den TuS Dan\u00adsen\u00adberg hin\u00adneh\u00admen. Die Zuschauer sahen ein kurioses Spiel in der Mil\u00adten\u00adber\u00adger Sport\u00adhal\u00adle.<\/p>\n","protected":false},"author":26,"featured_media":0,"comment_status":"closed","ping_status":"open","sticky":false,"template":"","format":"standard","meta":{"footnotes":""},"categories":[5],"tags":[],"class_list":["post-7815","post","type-post","status-publish","format-standard","hentry","category-1mannschaft"],"_links":{"self":[{"href":"https:\/\/www.tv-kirchzell.de\/index.php?rest_route=\/wp\/v2\/posts\/7815","targetHints":{"allow":["GET"]}}],"collection":[{"href":"https:\/\/www.tv-kirchzell.de\/index.php?rest_route=\/wp\/v2\/posts"}],"about":[{"href":"https:\/\/www.tv-kirchzell.de\/index.php?rest_route=\/wp\/v2\/types\/post"}],"author":[{"embeddable":true,"href":"https:\/\/www.tv-kirchzell.de\/index.php?rest_route=\/wp\/v2\/users\/26"}],"replies":[{"embeddable":true,"href":"https:\/\/www.tv-kirchzell.de\/index.php?rest_route=%2Fwp%2Fv2%2Fcomments&post=7815"}],"version-history":[{"count":3,"href":"https:\/\/www.tv-kirchzell.de\/index.php?rest_route=\/wp\/v2\/posts\/7815\/revisions"}],"predecessor-version":[{"id":7824,"href":"https:\/\/www.tv-kirchzell.de\/index.php?rest_route=\/wp\/v2\/posts\/7815\/revisions\/7824"}],"wp:attachment":[{"href":"https:\/\/www.tv-kirchzell.de\/index.php?rest_route=%2Fwp%2Fv2%2Fmedia&parent=7815"}],"wp:term":[{"taxonomy":"category","embeddable":true,"href":"https:\/\/www.tv-kirchzell.de\/index.php?rest_route=%2Fwp%2Fv2%2Fcategories&post=7815"},{"taxonomy":"post_tag","embeddable":true,"href":"https:\/\/www.tv-kirchzell.de\/index.php?rest_route=%2Fwp%2Fv2%2Ftags&post=7815"}],"curies":[{"name":"wp","href":"https:\/\/api.w.org\/{rel}","templated":true}]}}