{"id":6607,"date":"2022-02-24T20:15:26","date_gmt":"2022-02-24T19:15:26","guid":{"rendered":"https:\/\/tv-kirchzell.de\/?p=6607"},"modified":"2022-02-24T20:15:28","modified_gmt":"2022-02-24T19:15:28","slug":"es-scheint-ein-winziges-licht-am-ende-des-tunnels","status":"publish","type":"post","link":"https:\/\/www.tv-kirchzell.de\/?p=6607","title":{"rendered":"ES SCHEINT EIN WINZIGES LICHT AM ENDE DES TUNNELS"},"content":{"rendered":"\n<p>Es war ein \u00fcberraschender, ja, fast schon sensationeller Erfolg beim ambitionierten Aufstiegsaspiranten zur 2. Liga, der HSG Bieberau\/Modau am vergangenen Mittwoch. Mit sichtlich leuchtenden Augen traten alle Beteiligten \u00fcberaus happy die kurze Heimreise an.<\/p>\n\n\n\n<p>Ein kleines F\u00fcnkchen Hoffnung keimt inzwischen wieder auf in Bezug auf den direkten Klassenerhalt bei dem samst\u00e4glichen Gastgeber f\u00fcr die DJK Sportfreunde aus Budenheim.<\/p>\n\n\n\n<p>Die Gemeinde Budenheim mit ihren knapp 9000 Einwohnern liegt im Kreis Mainz\/Bingen, angrenzend an die Karnevalshochburgen Mombach, Gonsenheim und Finthen.<\/p>\n\n\n\n<p>Mit diesem Budenheim hat der TVK noch eine \u00fcberaus pikante Rechnung offen stehen und ein delikates H\u00fchnchen zu rupfen.<\/p>\n\n\n\n<p>Am 30.10.21 ging man dort \u00fcberraschenderweise mit 27:33 unter und hatte nicht den Hauch einer Chance. Dieses Resultat sitzt in den Kirchzeller Seelen noch fest verankert, Wiedergutmachung ist also unbedingt angesagt!<\/p>\n\n\n\n<p>Die DJK liegt aktuell auf dem 9. Rang der Tabelle, hat jedoch schon sieben Minusz\u00e4hler mehr auf seinem Konto wie der TVK.<\/p>\n\n\n\n<p>Am vergangenen Sonntag hatte man den Empork\u00f6mmling und Neuling der Liga, Haspo Bayreuth, bis zum Schluss im engen Schwitzkasten, um schlie\u00dflich mit 22:24 den K\u00fcrzeren zu ziehen.<\/p>\n\n\n\n<p>Kirchzell sollte mehr als bem\u00fcht sein, karnevalistische Einlagen, wie in Gelnhausen geschehen, tunlichst zu unterlassen und zu vermeiden.<\/p>\n\n\n\n<p>Budenheim hat schon des \u00d6fteren bewiesen, dass es drittligatauglich ist. Gegen Erlangen (25:26), Bayreuth (25:25), Bieberau\/Modau (22:22),&nbsp; gab es in der Vergangenheit \u00fcberaus beachtliche Ergebnisse.<\/p>\n\n\n\n<p>Doch will man als TV Kirchzell die Liga noch halten, sind jetzt unbedingt noch zwei Siege vonn\u00f6ten, obwohl man dann trotzdem auf fremde Hilfe angewiesen ist.<\/p>\n\n\n\n<p>Woche f\u00fcr Woche rackern sich die Jungs des TV Kirchzell schwei\u00dftreibend bei den Trainingseinheiten ab, um dann am Wochenende teilweise weite Ausw\u00e4rtsfahrten auf sich zu nehmen.<\/p>\n\n\n\n<p>Darum: Kommt doch am Samstag recht zahlreich nach Miltenberg, um die \u201eEinheimischen\u201c lautstark zu unterst\u00fctzen; sie haben es sich redlich und mehr als verdient. 120 Zuschauer sind nun wahrlich nicht das Gelbe vom Ei und f\u00fcr den dargebotenen, tollen Spitzenhandball dann doch leider viel zu wenig.<\/p>\n\n\n\n<p>Anwurf f\u00fcr diese Partie ist am Samstag, 26.02.22, im 19:30 Uhr in der Dreifachturnhalle Miltenberg.<\/p>\n","protected":false},"excerpt":{"rendered":"<p>Es war ein \u00fcberraschender, ja, fast schon sensationeller Erfolg beim ambitionierten Aufstiegsaspiranten zur 2. Liga, der HSG Bieberau\/Modau am vergangenen Mittwoch. Mit sichtlich leuchtenden Augen traten alle Beteiligten \u00fcberaus happy die kurze Heimreise an. Ein kleines F\u00fcnkchen Hoffnung keimt inzwischen wieder auf in Bezug auf den direkten Klassenerhalt bei dem<\/p>\n","protected":false},"author":2,"featured_media":0,"comment_status":"closed","ping_status":"open","sticky":false,"template":"","format":"standard","meta":{"footnotes":""},"categories":[5],"tags":[],"class_list":["post-6607","post","type-post","status-publish","format-standard","hentry","category-1mannschaft"],"_links":{"self":[{"href":"https:\/\/www.tv-kirchzell.de\/index.php?rest_route=\/wp\/v2\/posts\/6607","targetHints":{"allow":["GET"]}}],"collection":[{"href":"https:\/\/www.tv-kirchzell.de\/index.php?rest_route=\/wp\/v2\/posts"}],"about":[{"href":"https:\/\/www.tv-kirchzell.de\/index.php?rest_route=\/wp\/v2\/types\/post"}],"author":[{"embeddable":true,"href":"https:\/\/www.tv-kirchzell.de\/index.php?rest_route=\/wp\/v2\/users\/2"}],"replies":[{"embeddable":true,"href":"https:\/\/www.tv-kirchzell.de\/index.php?rest_route=%2Fwp%2Fv2%2Fcomments&post=6607"}],"version-history":[{"count":1,"href":"https:\/\/www.tv-kirchzell.de\/index.php?rest_route=\/wp\/v2\/posts\/6607\/revisions"}],"predecessor-version":[{"id":6608,"href":"https:\/\/www.tv-kirchzell.de\/index.php?rest_route=\/wp\/v2\/posts\/6607\/revisions\/6608"}],"wp:attachment":[{"href":"https:\/\/www.tv-kirchzell.de\/index.php?rest_route=%2Fwp%2Fv2%2Fmedia&parent=6607"}],"wp:term":[{"taxonomy":"category","embeddable":true,"href":"https:\/\/www.tv-kirchzell.de\/index.php?rest_route=%2Fwp%2Fv2%2Fcategories&post=6607"},{"taxonomy":"post_tag","embeddable":true,"href":"https:\/\/www.tv-kirchzell.de\/index.php?rest_route=%2Fwp%2Fv2%2Ftags&post=6607"}],"curies":[{"name":"wp","href":"https:\/\/api.w.org\/{rel}","templated":true}]}}