{"id":6604,"date":"2022-02-24T12:30:44","date_gmt":"2022-02-24T11:30:44","guid":{"rendered":"https:\/\/tv-kirchzell.de\/?p=6604"},"modified":"2022-02-24T12:30:47","modified_gmt":"2022-02-24T11:30:47","slug":"tobias-joerg-war-wahrlich-der-turm-in-der-schlacht","status":"publish","type":"post","link":"https:\/\/www.tv-kirchzell.de\/?p=6604","title":{"rendered":"TOBIAS J\u00d6RG WAR\u00a0WAHRLICH\u00a0DER TURM IN DER SCHLACHT\u00a0"},"content":{"rendered":"\n<p>Gegen\u00fcber dem Spiel in Gelnhausen nicht wiederzuerkennen war der TVK am gestrigen Abend beim ultimativen Spitzenteam&nbsp;HSG&nbsp;Bieberau\/Modau. Man glaubte, eine v\u00f6llig andere Kirchzeller Mannschaft st\u00fcnde auf der Platte. Nein, das war nicht gut, ja, das war sehr gut und ph\u00e4nomenal, was die Kunz\/Hauptmann-Truppe vor 290 &nbsp;Zuschauern \u00fcber 60 Minuten ablieferte.<\/p>\n\n\n\n<p>Nach nur kurzem Abtasten zu Beginn ging Kirchzell schon fr\u00fch mit 6:3 (7:48) in F\u00fchrung. Nach 19:29 Minuten stand gar ein 15:9 auf der Anzeigetafel.&nbsp;<\/p>\n\n\n\n<p>Bieberau&nbsp;versuchte wirklich alles, biss sich an der unglaublich aktiven, teils offensiven Defensive der G\u00e4ste aber immer wieder die Z\u00e4hne aus.<\/p>\n\n\n\n<p>Die&nbsp;einheimischen&nbsp;Zuschauer rieben sich verwundert die Augen, rauften sich vehement die Haare ob der Dominanz&nbsp;der Kirchzeller Truppe. Der TVK war mit unglaublichen 19:14 in die Halbzeitpause gegangen.<\/p>\n\n\n\n<p>Die&nbsp;Halftimeansprache&nbsp;von Thorsten Schmid muss laut Co-Kommentator Lars Spie\u00df sehr laut und bis in die Katakomben h\u00f6rbar gewesen sein.<\/p>\n\n\n\n<p>Es schien sich auch die Wende anzubahnen, denn&nbsp;Bieberau\/Modau&nbsp;hatte sich bei Minute 37:18 auf 19:21 herangepirscht und Lunte gerochen.<\/p>\n\n\n\n<p>Doch Kirchzell war an diesem Mittwoch hellwach, hochkonzentriert und erh\u00f6hte bis zum 24:19 wieder die Schlagzahl.&nbsp;<\/p>\n\n\n\n<p>Bei beidseitiger&nbsp;hoher Kampfkraft hielt es nach 56:11 beim Stand von 24:25 f\u00fcr Kirchzell niemanden mehr auf seinem Sitz.<\/p>\n\n\n\n<p>Die&nbsp;Crunchtime&nbsp;war in vollem Gange und Kirchzell rettete den Sieg knapp, aber 100-prozentig verdient mit 27:26 nach Hause.<\/p>\n\n\n\n<p>Einen Spieler hervorzuheben w\u00e4re so, als w\u00fcrde man Wasser in den Gabelbach tragen. Das gesamte Kollektiv war super intakt, einer war f\u00fcr den anderen da. Schwachstellen waren an diesem Abend gegen einen \u00fcberaus starken Kontrahenten fast ein Fremdwort.<\/p>\n\n\n\n<p>Einer \u00fcberragte dann doch noch: Tobias J\u00f6rg, im Vorfeld noch etwas gescholten, brachte die&nbsp;Bieberauer&nbsp;Akteure mit gro\u00dfen Paraden und Reflexen sehr oft an den Rand der Verzweiflung.<\/p>\n\n\n\n<p>Trainer- und&nbsp;Betreuerstab&nbsp;waren letztlich voll des Lobes \u00fcber ihre Mannschaft und alle traten die kurze Heimreise verdienterma\u00dfen mit stolz geschwellter Brust an.<\/p>\n\n\n\n<p>Am Samstag nimmt die \u00fcberaus kr\u00e4ftezehrende englische Woche ein Ende. Dann ist mit den&nbsp;Sportfreunden Budenheim der Neuntplatzierte in&nbsp;Miltenberg&nbsp;zu Gast.<\/p>\n\n\n\n<p>F\u00fcr Kirchzell waren sensationell erfolgreich: J\u00f6rg; B\u00fcchler;&nbsp;Podsendek;&nbsp;Osifo&nbsp;6; David 5; Schnellbacher 4;&nbsp;H\u00e4ufgl\u00f6ckner&nbsp;4\/3; Gl\u00e4ser 3; Blank 2;&nbsp;Polixenidis2; Heinrich 1\/1; Meyer-Ricks;&nbsp;Soloviov; Hauptmann<\/p>\n","protected":false},"excerpt":{"rendered":"<p>Gegen\u00fcber dem Spiel in Gelnhausen nicht wiederzuerkennen war der TVK am gestrigen Abend beim ultimativen Spitzenteam&nbsp;HSG&nbsp;Bieberau\/Modau. Man glaubte, eine v\u00f6llig andere Kirchzeller Mannschaft st\u00fcnde auf der Platte. Nein, das war nicht gut, ja, das war sehr gut und ph\u00e4nomenal, was die Kunz\/Hauptmann-Truppe vor 290 &nbsp;Zuschauern \u00fcber 60 Minuten ablieferte. Nach<\/p>\n","protected":false},"author":2,"featured_media":0,"comment_status":"closed","ping_status":"open","sticky":false,"template":"","format":"standard","meta":{"footnotes":""},"categories":[5],"tags":[],"class_list":["post-6604","post","type-post","status-publish","format-standard","hentry","category-1mannschaft"],"_links":{"self":[{"href":"https:\/\/www.tv-kirchzell.de\/index.php?rest_route=\/wp\/v2\/posts\/6604","targetHints":{"allow":["GET"]}}],"collection":[{"href":"https:\/\/www.tv-kirchzell.de\/index.php?rest_route=\/wp\/v2\/posts"}],"about":[{"href":"https:\/\/www.tv-kirchzell.de\/index.php?rest_route=\/wp\/v2\/types\/post"}],"author":[{"embeddable":true,"href":"https:\/\/www.tv-kirchzell.de\/index.php?rest_route=\/wp\/v2\/users\/2"}],"replies":[{"embeddable":true,"href":"https:\/\/www.tv-kirchzell.de\/index.php?rest_route=%2Fwp%2Fv2%2Fcomments&post=6604"}],"version-history":[{"count":1,"href":"https:\/\/www.tv-kirchzell.de\/index.php?rest_route=\/wp\/v2\/posts\/6604\/revisions"}],"predecessor-version":[{"id":6605,"href":"https:\/\/www.tv-kirchzell.de\/index.php?rest_route=\/wp\/v2\/posts\/6604\/revisions\/6605"}],"wp:attachment":[{"href":"https:\/\/www.tv-kirchzell.de\/index.php?rest_route=%2Fwp%2Fv2%2Fmedia&parent=6604"}],"wp:term":[{"taxonomy":"category","embeddable":true,"href":"https:\/\/www.tv-kirchzell.de\/index.php?rest_route=%2Fwp%2Fv2%2Fcategories&post=6604"},{"taxonomy":"post_tag","embeddable":true,"href":"https:\/\/www.tv-kirchzell.de\/index.php?rest_route=%2Fwp%2Fv2%2Ftags&post=6604"}],"curies":[{"name":"wp","href":"https:\/\/api.w.org\/{rel}","templated":true}]}}