{"id":6296,"date":"2021-12-01T18:00:05","date_gmt":"2021-12-01T17:00:05","guid":{"rendered":"https:\/\/tv-kirchzell.de\/?p=6296"},"modified":"2021-12-01T18:00:06","modified_gmt":"2021-12-01T17:00:06","slug":"tag-der-offenen-turnhalle-beim-tvk","status":"publish","type":"post","link":"https:\/\/www.tv-kirchzell.de\/?p=6296","title":{"rendered":"Tag der offenen Turnhalle beim TVK"},"content":{"rendered":"\n<p class=\"has-text-align-center\">Integration durch Sport und Bewegung!<br>Ganz nach diesem Motto fand am Nachmittag<br>des 17.11.21 beim Turnverein Kirchzell der<br>\u201eTag der offenen Turnhalle\u201c statt.<\/p>\n\n\n\n<figure class=\"wp-block-image size-large\"><img loading=\"lazy\" decoding=\"async\" width=\"1440\" height=\"1080\" src=\"https:\/\/tv-kirchzell.de\/wp-content\/uploads\/2021\/12\/20211117_185602-1-1440x1080.jpg\" alt=\"\" class=\"wp-image-6297\" srcset=\"https:\/\/www.tv-kirchzell.de\/wp-content\/uploads\/2021\/12\/20211117_185602-1-1440x1080.jpg 1440w, https:\/\/www.tv-kirchzell.de\/wp-content\/uploads\/2021\/12\/20211117_185602-1-300x225.jpg 300w, https:\/\/www.tv-kirchzell.de\/wp-content\/uploads\/2021\/12\/20211117_185602-1-768x576.jpg 768w, https:\/\/www.tv-kirchzell.de\/wp-content\/uploads\/2021\/12\/20211117_185602-1-1536x1152.jpg 1536w, https:\/\/www.tv-kirchzell.de\/wp-content\/uploads\/2021\/12\/20211117_185602-1-2048x1536.jpg 2048w, https:\/\/www.tv-kirchzell.de\/wp-content\/uploads\/2021\/12\/20211117_185602-1-600x450.jpg 600w\" sizes=\"auto, (max-width: 1440px) 100vw, 1440px\" \/><\/figure>\n\n\n\n<p>Knapp 50 Kinder der 1.-4.Klasse, waren bei Sport-Spiel-Spa\u00df dabei! <\/p>\n\n\n\n<p>Neben dem Rollbrettf\u00fchrerschein, und der Purzelbaumchallenge bewiesen sich<br>die bunt gemischten Teams beim Brennball Parcour. Am Schluss erhielten die<br>Kids Preise f\u00fcr ihr Parcour-Team und die Leistung unserer Purzelbaumk\u00f6nige.<br>Alle waren gemeinsam motiviert in Bewegung und hatten jede Menge Spa\u00df.<br>Unsere neuen Rollbretter kamen bei den Kindern mit und ohne Handicap<br>super an!<\/p>\n\n\n\n<figure class=\"wp-block-image size-large\"><img loading=\"lazy\" decoding=\"async\" width=\"1522\" height=\"1080\" src=\"https:\/\/tv-kirchzell.de\/wp-content\/uploads\/2021\/12\/20211114_144303-1-1522x1080.jpg\" alt=\"\" class=\"wp-image-6298\" srcset=\"https:\/\/www.tv-kirchzell.de\/wp-content\/uploads\/2021\/12\/20211114_144303-1-1522x1080.jpg 1522w, https:\/\/www.tv-kirchzell.de\/wp-content\/uploads\/2021\/12\/20211114_144303-1-300x213.jpg 300w, https:\/\/www.tv-kirchzell.de\/wp-content\/uploads\/2021\/12\/20211114_144303-1-768x545.jpg 768w, https:\/\/www.tv-kirchzell.de\/wp-content\/uploads\/2021\/12\/20211114_144303-1-1536x1090.jpg 1536w, https:\/\/www.tv-kirchzell.de\/wp-content\/uploads\/2021\/12\/20211114_144303-1-2048x1454.jpg 2048w, https:\/\/www.tv-kirchzell.de\/wp-content\/uploads\/2021\/12\/20211114_144303-1-600x426.jpg 600w\" sizes=\"auto, (max-width: 1522px) 100vw, 1522px\" \/><\/figure>\n\n\n\n<h5 class=\"wp-block-heading\">DTB und #DTJ machten diesen erfolgreichen Tag m\u00f6glich!<\/h5>\n\n\n\n<p>Danke auch an unsere Helfer Lena, Julia, Jakob und Diana.<br>Euer TVK Turn-Team<br>Nadine, Simone und Hanna<\/p>\n","protected":false},"excerpt":{"rendered":"<p>Integration durch Sport und Bewegung!Ganz nach diesem Motto fand am Nachmittagdes 17.11.21 beim Turnverein Kirchzell der\u201eTag der offenen Turnhalle\u201c statt. Knapp 50 Kinder der 1.-4.Klasse, waren bei Sport-Spiel-Spa\u00df dabei! Neben dem Rollbrettf\u00fchrerschein, und der Purzelbaumchallenge bewiesen sichdie bunt gemischten Teams beim Brennball Parcour. Am Schluss erhielten dieKids Preise f\u00fcr ihr<\/p>\n","protected":false},"author":2,"featured_media":0,"comment_status":"closed","ping_status":"open","sticky":false,"template":"","format":"standard","meta":{"footnotes":""},"categories":[12],"tags":[],"class_list":["post-6296","post","type-post","status-publish","format-standard","hentry","category-turnen-diekleinen"],"_links":{"self":[{"href":"https:\/\/www.tv-kirchzell.de\/index.php?rest_route=\/wp\/v2\/posts\/6296","targetHints":{"allow":["GET"]}}],"collection":[{"href":"https:\/\/www.tv-kirchzell.de\/index.php?rest_route=\/wp\/v2\/posts"}],"about":[{"href":"https:\/\/www.tv-kirchzell.de\/index.php?rest_route=\/wp\/v2\/types\/post"}],"author":[{"embeddable":true,"href":"https:\/\/www.tv-kirchzell.de\/index.php?rest_route=\/wp\/v2\/users\/2"}],"replies":[{"embeddable":true,"href":"https:\/\/www.tv-kirchzell.de\/index.php?rest_route=%2Fwp%2Fv2%2Fcomments&post=6296"}],"version-history":[{"count":1,"href":"https:\/\/www.tv-kirchzell.de\/index.php?rest_route=\/wp\/v2\/posts\/6296\/revisions"}],"predecessor-version":[{"id":6299,"href":"https:\/\/www.tv-kirchzell.de\/index.php?rest_route=\/wp\/v2\/posts\/6296\/revisions\/6299"}],"wp:attachment":[{"href":"https:\/\/www.tv-kirchzell.de\/index.php?rest_route=%2Fwp%2Fv2%2Fmedia&parent=6296"}],"wp:term":[{"taxonomy":"category","embeddable":true,"href":"https:\/\/www.tv-kirchzell.de\/index.php?rest_route=%2Fwp%2Fv2%2Fcategories&post=6296"},{"taxonomy":"post_tag","embeddable":true,"href":"https:\/\/www.tv-kirchzell.de\/index.php?rest_route=%2Fwp%2Fv2%2Ftags&post=6296"}],"curies":[{"name":"wp","href":"https:\/\/api.w.org\/{rel}","templated":true}]}}