{"id":5443,"date":"2021-07-03T13:27:03","date_gmt":"2021-07-03T11:27:03","guid":{"rendered":"https:\/\/tv-kirchzell.de\/?p=5443"},"modified":"2021-07-03T13:27:04","modified_gmt":"2021-07-03T11:27:04","slug":"b-jugend-trainiert-auf-olympianiveau","status":"publish","type":"post","link":"https:\/\/www.tv-kirchzell.de\/?p=5443","title":{"rendered":"B-Jugend trainiert auf Olympianiveau"},"content":{"rendered":"\n<p>Zus\u00e4tzlich zur 1. Mannschaft konnte noch unsere m\u00e4nnliche B-Jugend davon profitieren, zeitgleich mit DHB Torh\u00fcter Andi Wolff zu trainieren.<\/p>\n\n\n\n<!--more-->\n\n\n\n<p>Sichtlich stolz war unsere B-Jugend, als Andi Wolff sich auch f\u00fcr Sie Zeit nahm und zum Ende ebenfalls f\u00fcr ein Foto zur Verf\u00fcgung stand.<\/p>\n\n\n\n<p>Wir danken Andi Wolff daf\u00fcr und w\u00fcnschen ihm viel Erfolg und ein erfolgreiches Olympiaturnier in Tokyo!<\/p>\n","protected":false},"excerpt":{"rendered":"<p>Zus\u00e4tzlich zur 1. Mannschaft konnte noch unsere m\u00e4nnliche B-Jugend davon profitieren, zeitgleich mit DHB Torh\u00fcter Andi Wolff zu trainieren.<\/p>\n","protected":false},"author":1,"featured_media":5444,"comment_status":"closed","ping_status":"open","sticky":false,"template":"","format":"standard","meta":{"footnotes":""},"categories":[23],"tags":[],"class_list":["post-5443","post","type-post","status-publish","format-standard","has-post-thumbnail","hentry","category-mb-jugend"],"_links":{"self":[{"href":"https:\/\/www.tv-kirchzell.de\/index.php?rest_route=\/wp\/v2\/posts\/5443","targetHints":{"allow":["GET"]}}],"collection":[{"href":"https:\/\/www.tv-kirchzell.de\/index.php?rest_route=\/wp\/v2\/posts"}],"about":[{"href":"https:\/\/www.tv-kirchzell.de\/index.php?rest_route=\/wp\/v2\/types\/post"}],"author":[{"embeddable":true,"href":"https:\/\/www.tv-kirchzell.de\/index.php?rest_route=\/wp\/v2\/users\/1"}],"replies":[{"embeddable":true,"href":"https:\/\/www.tv-kirchzell.de\/index.php?rest_route=%2Fwp%2Fv2%2Fcomments&post=5443"}],"version-history":[{"count":0,"href":"https:\/\/www.tv-kirchzell.de\/index.php?rest_route=\/wp\/v2\/posts\/5443\/revisions"}],"wp:featuredmedia":[{"embeddable":true,"href":"https:\/\/www.tv-kirchzell.de\/index.php?rest_route=\/wp\/v2\/media\/5444"}],"wp:attachment":[{"href":"https:\/\/www.tv-kirchzell.de\/index.php?rest_route=%2Fwp%2Fv2%2Fmedia&parent=5443"}],"wp:term":[{"taxonomy":"category","embeddable":true,"href":"https:\/\/www.tv-kirchzell.de\/index.php?rest_route=%2Fwp%2Fv2%2Fcategories&post=5443"},{"taxonomy":"post_tag","embeddable":true,"href":"https:\/\/www.tv-kirchzell.de\/index.php?rest_route=%2Fwp%2Fv2%2Ftags&post=5443"}],"curies":[{"name":"wp","href":"https:\/\/api.w.org\/{rel}","templated":true}]}}