{"id":5406,"date":"2021-06-02T21:57:37","date_gmt":"2021-06-02T19:57:37","guid":{"rendered":"https:\/\/www.tv-kirchzell.de\/?p=5406"},"modified":"2021-06-02T21:57:39","modified_gmt":"2021-06-02T19:57:39","slug":"eine-aera-geht-zu-ende","status":"publish","type":"post","link":"https:\/\/www.tv-kirchzell.de\/?p=5406","title":{"rendered":"Eine \u00c4ra geht zu Ende!"},"content":{"rendered":"\n<p>Nach gut 30 Jahren in der Parzivalhalle in Amorbach wird die 1. Herrenmannschaft unseres TV Kirchzell ab der kommenden Saison seine Heimspiele in einer neuen Spielst\u00e4tte austragen. Vor wenigen Tagen wurden die Sponsoren und alle beteiligten Parteien \u00fcber die Entscheidung informiert, dass ab der Saison 2021\/22 die Heimspiele des TV Kirchzell in der Dreifachsporthalle der Realschule Miltenberg stattfinden werden.<\/p>\n\n\n\n<!--more-->\n\n\n\n<p>Bei der Entwicklung vom engagierten Turnverein in Richtung Profisport sind schon viele junge Talente geformt worden, die heute gestandene Gr\u00f6\u00dfen im deutschen Handballsport sind. Wir blicken zur\u00fcck auf eine Zeit in der in Amorbach viele Erfolge gefeiert und auch einige Tr\u00e4nen geflossen sind. Die Entscheidung ist den Verantwortlichen deshalb nicht leicht gefallen. Doch die Herausforderung bestand schon lange darin, die Finanzen besser zusammen zu halten und den Aufwand an den Spieltagen zu minimieren.<\/p>\n\n\n\n<p>So freute man sich beim TV Kirchzell, dass der Landkreis Miltenberg auf den Verein zugegangen ist und ihm die Nutzung der Dreifachsporthalle der Realschule Miltenberg angeboten hat. Dies wurde im Verein nun schon l\u00e4nger diskutiert und vor einigen Wochen ist man zu dem Ergebnis gekommen, dass sich daraus f\u00fcr den Drittliga-Handball des TV Kirchzell viele Vorteile ergeben werden.<\/p>\n\n\n\n<p>Da die Halle in Miltenberg eine Halle des Landkreises ist, ist mit dem Wechsel eine deutliche Kostensenkung verbunden. Auch die sich nun ergebende N\u00e4he zu den gr\u00f6\u00dferen Gemeinden des Landkreises wie Klein- und Gro\u00dfheubach oder den ebenfalls sehr handballgepr\u00e4gten B\u00fcrgst\u00e4dtern verspricht einen erweiterten Zuschauerkreis. Auch f\u00fcr neue Sponsoren k\u00f6nnte der Wechsel nach Miltenberg attraktiv werden.<\/p>\n\n\n\n<p>Es gibt f\u00fcr die Verantwortlichen des TVK noch jede Menge zu tun, bevor die Saison 2021\/22 im Sp\u00e4tsommer starten kann.<\/p>\n\n\n\n<p>Wir bedanken uns bei der Stadt Amorbach, unseren Sponsoren und Fans f\u00fcr die jahrelange Unterst\u00fctzung des Kirchzeller Handballsports und freuen uns darauf, den Landkreis und die Stadt Miltenberg nach au\u00dfen repr\u00e4sentieren zu d\u00fcrfen.<\/p>\n","protected":false},"excerpt":{"rendered":"<p>Nach gut 30 Jahren in der Parzivalhalle in Amorbach wird die 1. Herrenmannschaft unseres TV Kirchzell ab der kommenden Saison seine Heimspiele in einer neuen Spielst\u00e4tte austragen. Vor wenigen Tagen wurden die Sponsoren und alle beteiligten Parteien \u00fcber die Entscheidung informiert, dass ab der Saison 2021\/22 die Heimspiele des TV<\/p>\n","protected":false},"author":26,"featured_media":0,"comment_status":"closed","ping_status":"open","sticky":false,"template":"","format":"standard","meta":{"footnotes":""},"categories":[5,13],"tags":[],"class_list":["post-5406","post","type-post","status-publish","format-standard","hentry","category-1mannschaft","category-verein"],"_links":{"self":[{"href":"https:\/\/www.tv-kirchzell.de\/index.php?rest_route=\/wp\/v2\/posts\/5406","targetHints":{"allow":["GET"]}}],"collection":[{"href":"https:\/\/www.tv-kirchzell.de\/index.php?rest_route=\/wp\/v2\/posts"}],"about":[{"href":"https:\/\/www.tv-kirchzell.de\/index.php?rest_route=\/wp\/v2\/types\/post"}],"author":[{"embeddable":true,"href":"https:\/\/www.tv-kirchzell.de\/index.php?rest_route=\/wp\/v2\/users\/26"}],"replies":[{"embeddable":true,"href":"https:\/\/www.tv-kirchzell.de\/index.php?rest_route=%2Fwp%2Fv2%2Fcomments&post=5406"}],"version-history":[{"count":0,"href":"https:\/\/www.tv-kirchzell.de\/index.php?rest_route=\/wp\/v2\/posts\/5406\/revisions"}],"wp:attachment":[{"href":"https:\/\/www.tv-kirchzell.de\/index.php?rest_route=%2Fwp%2Fv2%2Fmedia&parent=5406"}],"wp:term":[{"taxonomy":"category","embeddable":true,"href":"https:\/\/www.tv-kirchzell.de\/index.php?rest_route=%2Fwp%2Fv2%2Fcategories&post=5406"},{"taxonomy":"post_tag","embeddable":true,"href":"https:\/\/www.tv-kirchzell.de\/index.php?rest_route=%2Fwp%2Fv2%2Ftags&post=5406"}],"curies":[{"name":"wp","href":"https:\/\/api.w.org\/{rel}","templated":true}]}}