{"id":5391,"date":"2021-05-17T22:40:25","date_gmt":"2021-05-17T20:40:25","guid":{"rendered":"https:\/\/www.tv-kirchzell.de\/?p=5391"},"modified":"2021-05-17T22:40:26","modified_gmt":"2021-05-17T20:40:26","slug":"tv-kirchzell-schliesst-pokalrunde-mit-einem-starken-unentschieden-in-saarlouis-ab","status":"publish","type":"post","link":"https:\/\/www.tv-kirchzell.de\/?p=5391","title":{"rendered":"TV Kirchzell schlie\u00dft Pokalrunde mit einem starken Unentschieden in Saarlouis ab"},"content":{"rendered":"\n<p>Der vergangene Samstag war f\u00fcr unseren TV Kirchzell bereits der letzte Spieltag in der Pokalrunde. Zum Abschluss ging es ausw\u00e4rts zur HG Saarlouis.<\/p>\n\n\n\n<!--more-->\n\n\n\n<p>Die Hausherren, vor Abbruch der Saison 2020\/21 Tabellenf\u00fchrer der Staffel Mitte in der 3. Liga und Aufstiegskandidat f\u00fcr die 2.Bundesliga, sind schwach in die Pokalrunde gestartet und mussten dann sehr schnell eine Corona-bedingte Zwangspause einlegen. Trotzdem war den Verantwortlichen beim TVK vor dem Spiel klar, dass es kein leichtes Spiel werden w\u00fcrde und der TVK der sichere Au\u00dfenseiter ist. Immerhin hat die HG am Donnerstag bei den heimstarken Gensungern klar mit 19:24 gewonnen.<\/p>\n\n\n\n<p>So war es eine positive \u00dcberraschung wie der TVK ins Spiel gestartet ist. Die HG Saarlouis stellte zu Beginn eine 3-2-1-Abwehr, die die Kirchzeller aber schnell auseinander rei\u00dfen konnte. Joshua Osifo fand die entsprechende L\u00fccke, um mit einem Tor abzuschlie\u00dfen. Die G\u00e4ste waren sichtlich \u00fcberrumpelt, so dass sie schnell zur 6-0-Abwehr umstellten. Doch Kirchzell setzte die Au\u00dfen Antonio Schnellbacher und Nico Polixenidis sch\u00f6n in Szene und nach 9 Minuten stand ein 2:5 f\u00fcr den TVK auf der Anzeige. Leon David, Antonio Schnellbacher und unser treffsicherer Siebenmeter-Sch\u00fctze Tom Spie\u00df trafen munter weiter, kurz nach dem 5:10 in der 17.Minute zog der Trainer der Hausherren die Auszeit. Doch einen Treffer konnten sie daraufhin nicht erzielen. Stattdessen erh\u00f6hte unser Kapit\u00e4n Nico Polixenidis auf 5:11. Bis auf sieben Tore konnte unser TVK der HG zwischenzeitlich enteilen, in die Halbzeit ging es mit 11:17.<\/p>\n\n\n\n<p>Nach der Pause war unseren Jungs dann langsam anzumerken, dass die Kr\u00e4fte nachlie\u00dfen. Joshua Osifo wurde von einem Krampf geplagt und musste kurz drau\u00dfen behandelt werden. Tor um Tor konnte die HG Saarlouis n\u00e4her ran kommen, drei HG-Tore in Folge um die 40. Spielminute rum zwangen Heiko Karrer zur Auszeit f\u00fcr den TVK. Aber immer wieder schaffte es Kirchzell auch wieder einen kleinen Abstand von zwei drei Toren zu schaffen und vor allem weiter in F\u00fchrung zu bleiben. Beim 24:25 in der 54. Minute war f\u00fcr die Hausherren der Ausgleich zum Greifen nahe, doch eine Zwei-Minuten Strafe und der Siebenmeter f\u00fcr Kirchzell, den Tom Spie\u00df wieder sicher verwandelte, lie\u00dfen das nicht zu. Kirchzell k\u00e4mpfte bis zum Schluss und musste mit dem Schlusspfiff dann doch noch den Ausgleich zum 28:28 hinnehmen.<\/p>\n\n\n\n<p>Heiko Karrer sagte nach dem Spiel: \u201eIrgendwann l\u00e4sst die Kraft einfach nach und ich kann meinen Leuten keine Auszeit geben. Dann passieren einfache Fehler. Ich h\u00e4tte es meinen Jungs geg\u00f6nnt, dass sie zwei Punkte mit nach Hause nehmen, denn sie haben das gegen einen sehr R\u00fcckraum lastigen Gegner sehr gut gemacht.\u201c Auch der sportliche Leiter Gottfried Kunz zieht ein positives Res\u00fcmee zum Spiel: \u201eKlar h\u00e4tte es sich die Mannschaft verdient, wenn sie dieses Spiel gewonnen h\u00e4tte. Aber wir haben hier gegen den letztj\u00e4hrigen Absteiger aus Liga 2 gespielt, der es sich zur klaren Aufgabe gesetzt hatte direkt wieder den Aufstieg zu schaffen und bei Saisonabbruch auch auf Platz 1 der 3.Liga Mitte stand. Das darf man nicht au\u00dfer Acht lassen. Und gegen so einen Gegner ein Unentschieden zu spielen ist ein \u00fcberragendes Ergebnis.\u201c<\/p>\n\n\n\n<p>F\u00fcr den TV Kirchzell ist das Abenteuer Pokalrunde nun zu Ende, die anderen Teams spielen teils noch bis zum 24.05. weiter. Dann wird feststehen, wer sich neben dem Gruppenersten aus Nieder-Roden noch f\u00fcr den DHB-Pokal qualifizieren wird.<\/p>\n\n\n\n<p>Der Odenwaldexpress trainiert jetzt noch die kommende Woche weiter, dann gibt es eine kleine Verschnaufpause bis Mitte Juni. Und dann steht auch bereits die Vorbereitung f\u00fcr die Saison 2021\/22 auf dem Plan. Hoffen wir, dass alle gesund bleiben und uns eine verletzungsfreie Vorbereitung unserer Mannschaft bevorsteht.<\/p>\n\n\n\n<p>TV Kirchzell: J\u00f6rg, B\u00fcchler, Spie\u00df 9\/6, Schnellbacher 6, Polixenidis 4, Osifo 4, David 4, Meyer-Ricks 1, Gl\u00e4ser, Blank, Hauptmann, Schneider, Soloviov<\/p>\n","protected":false},"excerpt":{"rendered":"<p>Der vergangene Samstag war f\u00fcr unseren TV Kirchzell bereits der letzte Spieltag in der Pokalrunde. Zum Abschluss ging es ausw\u00e4rts zur HG Saarlouis.<\/p>\n","protected":false},"author":26,"featured_media":0,"comment_status":"closed","ping_status":"open","sticky":false,"template":"","format":"standard","meta":{"footnotes":""},"categories":[5],"tags":[],"class_list":["post-5391","post","type-post","status-publish","format-standard","hentry","category-1mannschaft"],"_links":{"self":[{"href":"https:\/\/www.tv-kirchzell.de\/index.php?rest_route=\/wp\/v2\/posts\/5391","targetHints":{"allow":["GET"]}}],"collection":[{"href":"https:\/\/www.tv-kirchzell.de\/index.php?rest_route=\/wp\/v2\/posts"}],"about":[{"href":"https:\/\/www.tv-kirchzell.de\/index.php?rest_route=\/wp\/v2\/types\/post"}],"author":[{"embeddable":true,"href":"https:\/\/www.tv-kirchzell.de\/index.php?rest_route=\/wp\/v2\/users\/26"}],"replies":[{"embeddable":true,"href":"https:\/\/www.tv-kirchzell.de\/index.php?rest_route=%2Fwp%2Fv2%2Fcomments&post=5391"}],"version-history":[{"count":0,"href":"https:\/\/www.tv-kirchzell.de\/index.php?rest_route=\/wp\/v2\/posts\/5391\/revisions"}],"wp:attachment":[{"href":"https:\/\/www.tv-kirchzell.de\/index.php?rest_route=%2Fwp%2Fv2%2Fmedia&parent=5391"}],"wp:term":[{"taxonomy":"category","embeddable":true,"href":"https:\/\/www.tv-kirchzell.de\/index.php?rest_route=%2Fwp%2Fv2%2Fcategories&post=5391"},{"taxonomy":"post_tag","embeddable":true,"href":"https:\/\/www.tv-kirchzell.de\/index.php?rest_route=%2Fwp%2Fv2%2Ftags&post=5391"}],"curies":[{"name":"wp","href":"https:\/\/api.w.org\/{rel}","templated":true}]}}