{"id":5378,"date":"2021-05-08T15:50:27","date_gmt":"2021-05-08T13:50:27","guid":{"rendered":"https:\/\/tv-kirchzell.de\/?p=5378"},"modified":"2021-05-11T19:57:17","modified_gmt":"2021-05-11T17:57:17","slug":"brian-heinrich-erfolgreich-operiert","status":"publish","type":"post","link":"https:\/\/www.tv-kirchzell.de\/?p=5378","title":{"rendered":"Brian Heinrich erfolgreich operiert"},"content":{"rendered":"\n<p>Am vergangenen Montag hat sich unser R\u00fcckraumspieler Brian Heinrich das vordere Syndesmoseband gerissen, das hintere ist arg in Mitleidenschaft gezogen. Die Syndesmose tr\u00e4gt zur Stabilit\u00e4t des Sprunggelenks bei und ein Syndesmose-Riss hat entsprechend weitreichende Folgen. \u201eEr ist im Training umgeknickt und unser Mannschaftsarzt Dr. Walter Folger hat ihn sofort untersucht und sich das Sprunggelenk angeschaut\u201c.<\/p>\n\n\n\n<p>Am Dienstagfr\u00fch war der Spieler dann bei Dr. J\u00f6rg Petermann, Mannschaftsarzt des Zweitligisten TV Gro\u00dfwallstadt. \u201eEr hat mich ins MRT gesteckt und da war zu sehen, dass das Syndesmoseband gerissen ist. Direkt am Dienstag wurde ich noch operiert\u201c, so Brian Heinrich. Mittlerweile geht es dem 22-J\u00e4hrigen wieder gut. \u201eIch muss einen orthop\u00e4dischen Schuh tragen und die F\u00e4den werden am 17. Mai gezogen. Dann wei\u00df ich mehr.\u201c&nbsp;<\/p>\n\n\n\n<p>Schlimm ist f\u00fcr Brian Heinrich nicht nur, dass er jetzt so lange mit seinem geliebten Sport pausieren muss. \u201eWir sind im Ligapokal von Spiel zu Spiel besser reingekommen, haben das Privileg, dass wir Sport mit anderen treiben k\u00f6nnen, was andere nicht haben, und jetzt kann ich nicht mithelfen. Unsere Personaldecke wird jetzt schon d\u00fcnn, denn auch Tim H\u00e4ufgl\u00f6ckner wird noch ausfallen und Maximilian Gl\u00e4ser ist auch noch nicht ganz fit.\u201c &nbsp;<\/p>\n\n\n\n<p>Auch Gottfried Kunz bedauert, dass Brian Heinrich wochenlang der Mannschaft fehlen wird. \u201eDas Allerwichtigste ist erst einmal, dass er wieder fit und alles gut wird. F\u00fcr uns ist dies ein schwerer R\u00fcckschlag. Brian ist ja nicht nur im Angriff wichtig, sondern hat sich zuletzt auch in der Abwehr etabliert. Das tut schon weh, dass er so lange ausf\u00e4llt.\u201c<\/p>\n\n\n\n<p>Wenn Corona es zul\u00e4sst, wird Heinrich dem TVK sowieso von September bis Ende Dezember fehlen. Er studiert Internationales Immobilien-Management in Aschaffenburg und strebt ein Auslandssemester in Finnland an. \u201eMein Semester geht noch bis August und dann hoffe ich, dass ich das Auslandssemester machen kann. Es wurde ja aufgrund Corona schon einmal verschoben. Aber diesmal bin ich guter Dinge\u201c, freut sich der Student trotz seiner Verletzung schon auf die Aufgabe.<\/p>\n\n\n\n<p>Wir w\u00fcnschen ihm gute Besserung!<\/p>\n","protected":false},"excerpt":{"rendered":"<p>Am vergangenen Montag hat sich unser R\u00fcckraumspieler Brian Heinrich das vordere Syndesmoseband gerissen, das hintere ist arg in Mitleidenschaft gezogen. Die Syndesmose tr\u00e4gt zur Stabilit\u00e4t des Sprunggelenks bei und ein Syndesmose-Riss hat entsprechend weitreichende Folgen. \u201eEr ist im Training umgeknickt und unser Mannschaftsarzt Dr. Walter Folger hat ihn sofort untersucht<\/p>\n","protected":false},"author":2,"featured_media":0,"comment_status":"closed","ping_status":"open","sticky":false,"template":"","format":"standard","meta":{"footnotes":""},"categories":[5],"tags":[],"class_list":["post-5378","post","type-post","status-publish","format-standard","hentry","category-1mannschaft"],"_links":{"self":[{"href":"https:\/\/www.tv-kirchzell.de\/index.php?rest_route=\/wp\/v2\/posts\/5378","targetHints":{"allow":["GET"]}}],"collection":[{"href":"https:\/\/www.tv-kirchzell.de\/index.php?rest_route=\/wp\/v2\/posts"}],"about":[{"href":"https:\/\/www.tv-kirchzell.de\/index.php?rest_route=\/wp\/v2\/types\/post"}],"author":[{"embeddable":true,"href":"https:\/\/www.tv-kirchzell.de\/index.php?rest_route=\/wp\/v2\/users\/2"}],"replies":[{"embeddable":true,"href":"https:\/\/www.tv-kirchzell.de\/index.php?rest_route=%2Fwp%2Fv2%2Fcomments&post=5378"}],"version-history":[{"count":0,"href":"https:\/\/www.tv-kirchzell.de\/index.php?rest_route=\/wp\/v2\/posts\/5378\/revisions"}],"wp:attachment":[{"href":"https:\/\/www.tv-kirchzell.de\/index.php?rest_route=%2Fwp%2Fv2%2Fmedia&parent=5378"}],"wp:term":[{"taxonomy":"category","embeddable":true,"href":"https:\/\/www.tv-kirchzell.de\/index.php?rest_route=%2Fwp%2Fv2%2Fcategories&post=5378"},{"taxonomy":"post_tag","embeddable":true,"href":"https:\/\/www.tv-kirchzell.de\/index.php?rest_route=%2Fwp%2Fv2%2Ftags&post=5378"}],"curies":[{"name":"wp","href":"https:\/\/api.w.org\/{rel}","templated":true}]}}