{"id":5373,"date":"2021-05-07T19:20:17","date_gmt":"2021-05-07T17:20:17","guid":{"rendered":"https:\/\/www.tv-kirchzell.de\/?p=5373"},"modified":"2021-05-07T19:20:19","modified_gmt":"2021-05-07T17:20:19","slug":"its-derby-time-again-tv-kirchzell-empfaengt-hsg-rodgau-nieder-roden","status":"publish","type":"post","link":"https:\/\/www.tv-kirchzell.de\/?p=5373","title":{"rendered":"It\u00b4s Derby-Time again: TV Kirchzell empf\u00e4ngt HSG Rodgau Nieder-Roden"},"content":{"rendered":"\n<p>Der erste Zweier letzten Samstag bei der HSG Bieberau-Modau hat unseren TV Kirchzell auf Platz 2 in der Gruppe Mitte der Pokalrunde gebracht. Nun kommt am morgigen Samstag mit der HSG Rodgau-Nieder-Roden der Tabellenf\u00fchrer nach Kirchzell.<\/p>\n\n\n\n<p>Da vier Mannschaften durch Corona-Pausen aber erst zwei Spiele absolviert haben, ist die Tabelle ziemlich durcheinander geraten. Dennoch verspricht auch dieses Spiel wieder spannend zu werden. Die TVK Jungs mussten vergangene Woche in Bieberau nach einer mehr als deutlichen F\u00fchrung nach 40 Spielminuten aufpassen, dass sie am Ende nicht mit leeren H\u00e4nden dastehen, w\u00e4hrend Nieder-Roden die HG Saarlouis sehr deutlich in die Schranken wies und einen ungef\u00e4hrdeten 35:20 Erfolg verbuchen konnte.<\/p>\n\n\n\n<p>Aber sowohl die HSG-Coach Redmann als auch unser TVK-Trainer Heiko Karrer m\u00fcssen morgen auf starke Spieler verzichten. Bei den G\u00e4sten hat sich der Rechtsau\u00dfen Magnus Hofferbert im Training das vordere Kreuzband gerissen, er wird lange ausfallen. Auf Seiten des TVK wird Tim H\u00e4ufgl\u00f6ckner mit einer Zerrung weiter fehlen und Brian Heinrich hat sich im Training das Syndesmose Band gerissen. Max Gl\u00e4ser wird wegen seiner Schulter vorerst weiter haupts\u00e4chlich in der Abwehr eingesetzt werden k\u00f6nnen. F\u00fcr den Rest des Teams hei\u00dft es morgen also Z\u00e4hne zusammenbei\u00dfen und k\u00e4mpfen.<\/p>\n\n\n\n<p>F\u00fcr die Fans des TVK wird das Spiel in der Turnhalle Kirchzell nat\u00fcrlich wieder daheim bei sportdeutschland.tv zu verfolgen sein. Los geht\u2019s am 08.05.2021 um 18:00 Uhr.<\/p>\n\n\n\n<p><a href=\"https:\/\/handball-deutschland.tv\/handball-3-liga\/pokalrunde-gruppe-mitte-tv-kirchzell-hsg-rodgau-nieder-roden\">https:\/\/handball-deutschland.tv\/handball-3-liga\/pokalrunde-gruppe-mitte-tv-kirchzell-hsg-rodgau-nieder-roden<\/a><\/p>\n","protected":false},"excerpt":{"rendered":"<p>Der erste Zweier letzten Samstag bei der HSG Bieberau-Modau hat unseren TV Kirchzell auf Platz 2 in der Gruppe Mitte der Pokalrunde gebracht. Nun kommt am morgigen Samstag mit der HSG Rodgau-Nieder-Roden der Tabellenf\u00fchrer nach Kirchzell. Da vier Mannschaften durch Corona-Pausen aber erst zwei Spiele absolviert haben, ist die Tabelle<\/p>\n","protected":false},"author":26,"featured_media":0,"comment_status":"closed","ping_status":"open","sticky":false,"template":"","format":"standard","meta":{"footnotes":""},"categories":[5],"tags":[],"class_list":["post-5373","post","type-post","status-publish","format-standard","hentry","category-1mannschaft"],"_links":{"self":[{"href":"https:\/\/www.tv-kirchzell.de\/index.php?rest_route=\/wp\/v2\/posts\/5373","targetHints":{"allow":["GET"]}}],"collection":[{"href":"https:\/\/www.tv-kirchzell.de\/index.php?rest_route=\/wp\/v2\/posts"}],"about":[{"href":"https:\/\/www.tv-kirchzell.de\/index.php?rest_route=\/wp\/v2\/types\/post"}],"author":[{"embeddable":true,"href":"https:\/\/www.tv-kirchzell.de\/index.php?rest_route=\/wp\/v2\/users\/26"}],"replies":[{"embeddable":true,"href":"https:\/\/www.tv-kirchzell.de\/index.php?rest_route=%2Fwp%2Fv2%2Fcomments&post=5373"}],"version-history":[{"count":0,"href":"https:\/\/www.tv-kirchzell.de\/index.php?rest_route=\/wp\/v2\/posts\/5373\/revisions"}],"wp:attachment":[{"href":"https:\/\/www.tv-kirchzell.de\/index.php?rest_route=%2Fwp%2Fv2%2Fmedia&parent=5373"}],"wp:term":[{"taxonomy":"category","embeddable":true,"href":"https:\/\/www.tv-kirchzell.de\/index.php?rest_route=%2Fwp%2Fv2%2Fcategories&post=5373"},{"taxonomy":"post_tag","embeddable":true,"href":"https:\/\/www.tv-kirchzell.de\/index.php?rest_route=%2Fwp%2Fv2%2Ftags&post=5373"}],"curies":[{"name":"wp","href":"https:\/\/api.w.org\/{rel}","templated":true}]}}