{"id":5273,"date":"2021-04-22T21:30:45","date_gmt":"2021-04-22T19:30:45","guid":{"rendered":"https:\/\/www.tv-kirchzell.de\/?p=5273"},"modified":"2021-04-23T10:15:27","modified_gmt":"2021-04-23T08:15:27","slug":"der-erste-zweier-soll-her-tvk-hat-die-esg-gensungen-felsberg-in-eigener-halle-zu-gast","status":"publish","type":"post","link":"https:\/\/www.tv-kirchzell.de\/?p=5273","title":{"rendered":"Der erste Zweier soll her \u2013 TVK hat die ESG Gensungen\/Felsberg in eigener Halle zu Gast"},"content":{"rendered":"\n<p>Das spannende Spiel mit dem Punktgewinn in Gelnhausen ist erst wenige Tage her, da geht es am kommenden Samstag schon wieder weiter in der Pokalrunde Gruppe Mitte. Unser Trainer Heiko Karrer und sein Odenwaldexpress wollen weiter Gas geben und auch gegen die ESG Gensungen\/Felsberg eine \u00fcberzeugende Leistung zeigen.<\/p>\n\n\n\n<!--more-->\n\n\n\n<p>Die ESG hatte durch den Spielausfall gegen die HG Saarlouis vergangenes Wochenende spielfrei und zeigte sich im ersten Pokalspiel gegen Nieder-Roden sehr stark. Das Spiel endete nach einem 9:14 R\u00fcckstand der ESG zur Halbzeit noch torreich mit 29:29.<\/p>\n\n\n\n<p>Von dieser guten Leistung hat auch unser Coach Notiz genommen und t\u00fcftelt bereits am Matchplan. Das Team ist weiter hungrig darauf dem ersten Punkt zwei weitere folgen zu lassen und wird nichts unversucht lassen.<\/p>\n\n\n\n<p>Weiter verzichten muss Heiko Karrer wohl noch auf unseren Linksh\u00e4nder im R\u00fcckraum, Max Gl\u00e4ser, der immer noch mit seiner Schulter Probleme hat. Doch wenn der TVK es schafft an die Leistung gegen Gelnhausen anzukn\u00fcpfen, den einen oder anderen Fehler weniger macht als der Gegner und vor allem auch unser bisher \u00fcberragender Mann im Tor, Tobias J\u00f6rg, wieder einen Sahne-Tag erwischt, dann ist viel drin f\u00fcr den Odenwaldexpress.<\/p>\n\n\n\n<p>Unterst\u00fctzen wir unseren TVK am Samstag ab 18:00 Uhr dabei wieder von zuhause an den Bildschirmen LIVE bei sportdeutschland.tv. Denn wir stehen weiter zusammen als <strong><span style=\"color: darkred\">ROTE WAND<\/span><\/strong>!<\/p>\n\n\n\n<p><a href=\"https:\/\/handball-deutschland.tv\/handball-3-liga\/pokalrunde-gruppe-mitte-tv-kirchzell-vs-esg-gensungen-felsberg\">https:\/\/handball-deutschland.tv\/handball-3-liga\/pokalrunde-gruppe-mitte-tv-kirchzell-vs-esg-gensungen-felsberg<\/a><\/p>\n","protected":false},"excerpt":{"rendered":"<p>Das spannende Spiel mit dem Punktgewinn in Gelnhausen ist erst wenige Tage her, da geht es am kommenden Samstag schon wieder weiter in der Pokalrunde Gruppe Mitte. Unser Trainer Heiko Karrer und sein Odenwaldexpress wollen weiter Gas geben und auch gegen die ESG Gensungen\/Felsberg eine \u00fcberzeugende Leistung zeigen.<\/p>\n","protected":false},"author":26,"featured_media":0,"comment_status":"closed","ping_status":"open","sticky":false,"template":"","format":"standard","meta":{"footnotes":""},"categories":[5],"tags":[],"class_list":["post-5273","post","type-post","status-publish","format-standard","hentry","category-1mannschaft"],"_links":{"self":[{"href":"https:\/\/www.tv-kirchzell.de\/index.php?rest_route=\/wp\/v2\/posts\/5273","targetHints":{"allow":["GET"]}}],"collection":[{"href":"https:\/\/www.tv-kirchzell.de\/index.php?rest_route=\/wp\/v2\/posts"}],"about":[{"href":"https:\/\/www.tv-kirchzell.de\/index.php?rest_route=\/wp\/v2\/types\/post"}],"author":[{"embeddable":true,"href":"https:\/\/www.tv-kirchzell.de\/index.php?rest_route=\/wp\/v2\/users\/26"}],"replies":[{"embeddable":true,"href":"https:\/\/www.tv-kirchzell.de\/index.php?rest_route=%2Fwp%2Fv2%2Fcomments&post=5273"}],"version-history":[{"count":0,"href":"https:\/\/www.tv-kirchzell.de\/index.php?rest_route=\/wp\/v2\/posts\/5273\/revisions"}],"wp:attachment":[{"href":"https:\/\/www.tv-kirchzell.de\/index.php?rest_route=%2Fwp%2Fv2%2Fmedia&parent=5273"}],"wp:term":[{"taxonomy":"category","embeddable":true,"href":"https:\/\/www.tv-kirchzell.de\/index.php?rest_route=%2Fwp%2Fv2%2Fcategories&post=5273"},{"taxonomy":"post_tag","embeddable":true,"href":"https:\/\/www.tv-kirchzell.de\/index.php?rest_route=%2Fwp%2Fv2%2Ftags&post=5273"}],"curies":[{"name":"wp","href":"https:\/\/api.w.org\/{rel}","templated":true}]}}