{"id":5141,"date":"2020-12-20T10:19:00","date_gmt":"2020-12-20T09:19:00","guid":{"rendered":"https:\/\/tv-kirchzell.de\/?p=5141"},"modified":"2020-12-20T10:18:31","modified_gmt":"2020-12-20T09:18:31","slug":"die-gesamte-tvk-familie-sagt-dankeschoen","status":"publish","type":"post","link":"https:\/\/www.tv-kirchzell.de\/?p=5141","title":{"rendered":"Die gesamte TVK-Familie sagt DANKESCH\u00d6N!"},"content":{"rendered":"\n<p>Der TV Kirchzell bedankt sich nach einem ereignisreichen Jahr herzlich f\u00fcr die tatkr\u00e4ftige Unterst\u00fctzung und Zusammenarbeit. Ohne Euch, die Helfer, Sportler und nat\u00fcrlich Sponsoren, w\u00e4re das Vereinsleben einfach nicht m\u00f6glich.<\/p>\n\n\n\n<!--more-->\n\n\n\n<p>Ein au\u00dfergew\u00f6hnliches Jahr 2020 und eine wirklich kurze Hinrunde neigt sich dem Ende zu. Leider konnten unsere Jungs Euch in diesem Jahr nicht so oft in der Halle begr\u00fc\u00dfen, wie Sie sich das gew\u00fcnscht h\u00e4tten. Aus diesem Grund schickt unser Team Euch diese Videobotschaft.<\/p>\n\n\n\n<figure class=\"wp-block-embed is-type-rich is-provider-handler-einbetten\"><div class=\"wp-block-embed__wrapper\">\n<div style=\"width: 640px;\" class=\"wp-video\"><video class=\"wp-video-shortcode\" id=\"video-5141-1\" width=\"640\" height=\"360\" preload=\"metadata\" controls=\"controls\"><source type=\"video\/mp4\" src=\"https:\/\/tv-kirchzell.de\/wp-content\/uploads\/2020\/12\/Weihnachtsgruesse-1.-Mannschaft.mp4?_=1\" \/><a href=\"https:\/\/tv-kirchzell.de\/wp-content\/uploads\/2020\/12\/Weihnachtsgruesse-1.-Mannschaft.mp4\">https:\/\/tv-kirchzell.de\/wp-content\/uploads\/2020\/12\/Weihnachtsgruesse-1.-Mannschaft.mp4<\/a><\/video><\/div>\n<\/div><\/figure>\n\n\n\n<p>Der Odenwaldexpress w\u00fcnscht ein frohes Weihnachtsfest, besinnliche Festtage und ein frohes, erfolgreiches und vor allem gesundes Jahr 2021.<\/p>\n","protected":false},"excerpt":{"rendered":"<p>Der TV Kirchzell bedankt sich nach einem ereignisreichen Jahr herzlich f\u00fcr die tatkr\u00e4ftige Unterst\u00fctzung und Zusammenarbeit. Ohne Euch, die Helfer, Sportler und nat\u00fcrlich Sponsoren, w\u00e4re das Vereinsleben einfach nicht m\u00f6glich.<\/p>\n","protected":false},"author":2,"featured_media":0,"comment_status":"closed","ping_status":"open","sticky":false,"template":"","format":"standard","meta":{"footnotes":""},"categories":[5,13],"tags":[],"class_list":["post-5141","post","type-post","status-publish","format-standard","hentry","category-1mannschaft","category-verein"],"_links":{"self":[{"href":"https:\/\/www.tv-kirchzell.de\/index.php?rest_route=\/wp\/v2\/posts\/5141","targetHints":{"allow":["GET"]}}],"collection":[{"href":"https:\/\/www.tv-kirchzell.de\/index.php?rest_route=\/wp\/v2\/posts"}],"about":[{"href":"https:\/\/www.tv-kirchzell.de\/index.php?rest_route=\/wp\/v2\/types\/post"}],"author":[{"embeddable":true,"href":"https:\/\/www.tv-kirchzell.de\/index.php?rest_route=\/wp\/v2\/users\/2"}],"replies":[{"embeddable":true,"href":"https:\/\/www.tv-kirchzell.de\/index.php?rest_route=%2Fwp%2Fv2%2Fcomments&post=5141"}],"version-history":[{"count":0,"href":"https:\/\/www.tv-kirchzell.de\/index.php?rest_route=\/wp\/v2\/posts\/5141\/revisions"}],"wp:attachment":[{"href":"https:\/\/www.tv-kirchzell.de\/index.php?rest_route=%2Fwp%2Fv2%2Fmedia&parent=5141"}],"wp:term":[{"taxonomy":"category","embeddable":true,"href":"https:\/\/www.tv-kirchzell.de\/index.php?rest_route=%2Fwp%2Fv2%2Fcategories&post=5141"},{"taxonomy":"post_tag","embeddable":true,"href":"https:\/\/www.tv-kirchzell.de\/index.php?rest_route=%2Fwp%2Fv2%2Ftags&post=5141"}],"curies":[{"name":"wp","href":"https:\/\/api.w.org\/{rel}","templated":true}]}}