{"id":5131,"date":"2020-12-16T17:41:44","date_gmt":"2020-12-16T16:41:44","guid":{"rendered":"https:\/\/tv-kirchzell.de\/?p=5131"},"modified":"2020-12-16T17:41:45","modified_gmt":"2020-12-16T16:41:45","slug":"bewegungssteine","status":"publish","type":"post","link":"https:\/\/www.tv-kirchzell.de\/?p=5131","title":{"rendered":"Bewegungssteine"},"content":{"rendered":"\n<p>Hallo liebe TVK Kinder und Jugendliche,<\/p>\n\n\n\n<p>zum Ferienstart legen wir euch Bewegungssteine in und um Kirchzell aus.\u00a0Ihr k\u00f6nnt sie beim spazieren gehen und wandern finden. Auf ihnen sind kleine Bewegungs\u00fcbungen die direkt ausprobiert werden k\u00f6nnen, gerne mit eurer Familie. Zu Hause d\u00fcrft ihr, wenn ihr m\u00f6chtet, euren eigenen Bewegungsstein gestalten und anschlie\u00dfend auslegen.<\/p>\n\n\n\n<figure class=\"wp-block-image size-large\"><img loading=\"lazy\" decoding=\"async\" width=\"952\" height=\"876\" src=\"https:\/\/tv-kirchzell.de\/wp-content\/uploads\/2020\/12\/Bewegungstein.jpg\" alt=\"\" class=\"wp-image-5133\" srcset=\"https:\/\/www.tv-kirchzell.de\/wp-content\/uploads\/2020\/12\/Bewegungstein.jpg 952w, https:\/\/www.tv-kirchzell.de\/wp-content\/uploads\/2020\/12\/Bewegungstein-300x276.jpg 300w, https:\/\/www.tv-kirchzell.de\/wp-content\/uploads\/2020\/12\/Bewegungstein-768x707.jpg 768w, https:\/\/www.tv-kirchzell.de\/wp-content\/uploads\/2020\/12\/Bewegungstein-600x552.jpg 600w\" sizes=\"auto, (max-width: 952px) 100vw, 952px\" \/><\/figure>\n\n\n\n<p>Wir w\u00fcnschen Euch Frohe Weihnachten und einen gesunden guten Start in das Jahr 2021.<\/p>\n\n\n\n<p>Bleibt in Bewegung! Bleibt fit!<\/p>\n\n\n\n<p>Euer TVK Trainer Team<\/p>\n\n\n\n<p><a href=\"http:\/\/www.Bewegungssteine.de\">www.Bewegungssteine.de<\/a><\/p>\n","protected":false},"excerpt":{"rendered":"<p>Hallo liebe TVK Kinder und Jugendliche, zum Ferienstart legen wir euch Bewegungssteine in und um Kirchzell aus.\u00a0Ihr k\u00f6nnt sie beim spazieren gehen und wandern finden. Auf ihnen sind kleine Bewegungs\u00fcbungen die direkt ausprobiert werden k\u00f6nnen, gerne mit eurer Familie. Zu Hause d\u00fcrft ihr, wenn ihr m\u00f6chtet, euren eigenen Bewegungsstein gestalten<\/p>\n","protected":false},"author":2,"featured_media":0,"comment_status":"closed","ping_status":"open","sticky":false,"template":"","format":"standard","meta":{"footnotes":""},"categories":[12],"tags":[],"class_list":["post-5131","post","type-post","status-publish","format-standard","hentry","category-turnen-diekleinen"],"_links":{"self":[{"href":"https:\/\/www.tv-kirchzell.de\/index.php?rest_route=\/wp\/v2\/posts\/5131","targetHints":{"allow":["GET"]}}],"collection":[{"href":"https:\/\/www.tv-kirchzell.de\/index.php?rest_route=\/wp\/v2\/posts"}],"about":[{"href":"https:\/\/www.tv-kirchzell.de\/index.php?rest_route=\/wp\/v2\/types\/post"}],"author":[{"embeddable":true,"href":"https:\/\/www.tv-kirchzell.de\/index.php?rest_route=\/wp\/v2\/users\/2"}],"replies":[{"embeddable":true,"href":"https:\/\/www.tv-kirchzell.de\/index.php?rest_route=%2Fwp%2Fv2%2Fcomments&post=5131"}],"version-history":[{"count":0,"href":"https:\/\/www.tv-kirchzell.de\/index.php?rest_route=\/wp\/v2\/posts\/5131\/revisions"}],"wp:attachment":[{"href":"https:\/\/www.tv-kirchzell.de\/index.php?rest_route=%2Fwp%2Fv2%2Fmedia&parent=5131"}],"wp:term":[{"taxonomy":"category","embeddable":true,"href":"https:\/\/www.tv-kirchzell.de\/index.php?rest_route=%2Fwp%2Fv2%2Fcategories&post=5131"},{"taxonomy":"post_tag","embeddable":true,"href":"https:\/\/www.tv-kirchzell.de\/index.php?rest_route=%2Fwp%2Fv2%2Ftags&post=5131"}],"curies":[{"name":"wp","href":"https:\/\/api.w.org\/{rel}","templated":true}]}}