{"id":5123,"date":"2020-12-13T22:36:08","date_gmt":"2020-12-13T21:36:08","guid":{"rendered":"https:\/\/tv-kirchzell.de\/?p=5123"},"modified":"2020-12-13T22:39:45","modified_gmt":"2020-12-13T21:39:45","slug":"maennliche-d-jugend-wuenscht-schoene-weihnachten","status":"publish","type":"post","link":"https:\/\/www.tv-kirchzell.de\/?p=5123","title":{"rendered":"Video: M\u00e4nnliche D-Jugend w\u00fcnscht sch\u00f6ne Weihnachten"},"content":{"rendered":"\n<p>Die m\u00e4nnliche D-Jugend w\u00fcnscht euch allen digital sch\u00f6ne Weihnachten und einen guten Start ins neue Jahr.<\/p>\n\n\n\n<p>In diesem Beitrag k\u00f6nnen Sie das Video anschauen.<\/p>\n\n\n\n<p>Bleibt Gesund!<\/p>\n\n\n\n<!--more-->\n\n\n\n<figure class=\"wp-block-embed-videopress wp-block-embed is-type-rich is-provider-handler-einbetten\"><div class=\"wp-block-embed__wrapper\">\n<div style=\"width: 640px;\" class=\"wp-video\"><video class=\"wp-video-shortcode\" id=\"video-5123-1\" width=\"640\" height=\"360\" preload=\"metadata\" controls=\"controls\"><source type=\"video\/mp4\" src=\"https:\/\/tv-kirchzell.de\/wp-content\/uploads\/2020\/12\/VID-20201213-WA0000.mp4?_=1\" \/><a href=\"https:\/\/tv-kirchzell.de\/wp-content\/uploads\/2020\/12\/VID-20201213-WA0000.mp4\">https:\/\/tv-kirchzell.de\/wp-content\/uploads\/2020\/12\/VID-20201213-WA0000.mp4<\/a><\/video><\/div>\n<\/div><\/figure>\n","protected":false},"excerpt":{"rendered":"<p>Die m\u00e4nnliche D-Jugend w\u00fcnscht euch allen digital sch\u00f6ne Weihnachten und einen guten Start ins neue Jahr. In diesem Beitrag k\u00f6nnen Sie das Video anschauen. Bleibt Gesund!<\/p>\n","protected":false},"author":1,"featured_media":0,"comment_status":"closed","ping_status":"open","sticky":false,"template":"","format":"standard","meta":{"footnotes":""},"categories":[25],"tags":[],"class_list":["post-5123","post","type-post","status-publish","format-standard","hentry","category-md-jugend"],"_links":{"self":[{"href":"https:\/\/www.tv-kirchzell.de\/index.php?rest_route=\/wp\/v2\/posts\/5123","targetHints":{"allow":["GET"]}}],"collection":[{"href":"https:\/\/www.tv-kirchzell.de\/index.php?rest_route=\/wp\/v2\/posts"}],"about":[{"href":"https:\/\/www.tv-kirchzell.de\/index.php?rest_route=\/wp\/v2\/types\/post"}],"author":[{"embeddable":true,"href":"https:\/\/www.tv-kirchzell.de\/index.php?rest_route=\/wp\/v2\/users\/1"}],"replies":[{"embeddable":true,"href":"https:\/\/www.tv-kirchzell.de\/index.php?rest_route=%2Fwp%2Fv2%2Fcomments&post=5123"}],"version-history":[{"count":0,"href":"https:\/\/www.tv-kirchzell.de\/index.php?rest_route=\/wp\/v2\/posts\/5123\/revisions"}],"wp:attachment":[{"href":"https:\/\/www.tv-kirchzell.de\/index.php?rest_route=%2Fwp%2Fv2%2Fmedia&parent=5123"}],"wp:term":[{"taxonomy":"category","embeddable":true,"href":"https:\/\/www.tv-kirchzell.de\/index.php?rest_route=%2Fwp%2Fv2%2Fcategories&post=5123"},{"taxonomy":"post_tag","embeddable":true,"href":"https:\/\/www.tv-kirchzell.de\/index.php?rest_route=%2Fwp%2Fv2%2Ftags&post=5123"}],"curies":[{"name":"wp","href":"https:\/\/api.w.org\/{rel}","templated":true}]}}