{"id":5086,"date":"2020-11-11T19:28:58","date_gmt":"2020-11-11T18:28:58","guid":{"rendered":"https:\/\/www.tv-kirchzell.de\/?p=5086"},"modified":"2020-11-11T19:36:02","modified_gmt":"2020-11-11T18:36:02","slug":"spielbetrieb-in-der-3-liga-bis-zum-jahresende-ausgesetzt","status":"publish","type":"post","link":"https:\/\/www.tv-kirchzell.de\/?p=5086","title":{"rendered":"Spielbetrieb in der 3. Liga bis zum Jahresende ausgesetzt"},"content":{"rendered":"\n<p>Wie der DHB am heutigen Tag mitgeteilt hat, haben sich das Pr\u00e4sidium und der Vorstand in Absprache mit den betroffenen Vereinen darauf verst\u00e4ndigt, dass der Spielbetrieb in der 3. Liga auch \u00fcber den 15. November hinaus bis zum Jahresende ruhen wird. <\/p>\n\n\n\n<p>Eine Wiederaufnahme des Spielbetriebs wird, abh\u00e4ngig von der weiteren Entwicklung in der Corona-Pandemie, f\u00fcr das Wochenende 9.\/10.Januar 2021 angestrebt. <\/p>\n\n\n\n<p>Weitere Informationen findet ihr hierzu auch auf:<\/p>\n\n\n\n<p><a href=\"https:\/\/www.dhb.de\/de\/redaktionsbaum\/verband\/spielbetrieb-3--liga-und-jblh-bis-jahresende-ausgesetzt\/\">https:\/\/www.dhb.de\/de\/redaktionsbaum\/verband\/spielbetrieb-3&#8211;liga-und-jblh-bis-jahresende-ausgesetzt\/<\/a><\/p>\n\n\n\n<p><\/p>\n","protected":false},"excerpt":{"rendered":"<p>Wie der DHB am heutigen Tag mitgeteilt hat, haben sich das Pr\u00e4sidium und der Vorstand in Absprache mit den betroffenen Vereinen darauf verst\u00e4ndigt, dass der Spielbetrieb in der 3. Liga auch \u00fcber den 15. November hinaus bis zum Jahresende ruhen wird. Eine Wiederaufnahme des Spielbetriebs wird, abh\u00e4ngig von der weiteren<\/p>\n","protected":false},"author":26,"featured_media":0,"comment_status":"closed","ping_status":"open","sticky":false,"template":"","format":"standard","meta":{"footnotes":""},"categories":[5],"tags":[],"class_list":["post-5086","post","type-post","status-publish","format-standard","hentry","category-1mannschaft"],"_links":{"self":[{"href":"https:\/\/www.tv-kirchzell.de\/index.php?rest_route=\/wp\/v2\/posts\/5086","targetHints":{"allow":["GET"]}}],"collection":[{"href":"https:\/\/www.tv-kirchzell.de\/index.php?rest_route=\/wp\/v2\/posts"}],"about":[{"href":"https:\/\/www.tv-kirchzell.de\/index.php?rest_route=\/wp\/v2\/types\/post"}],"author":[{"embeddable":true,"href":"https:\/\/www.tv-kirchzell.de\/index.php?rest_route=\/wp\/v2\/users\/26"}],"replies":[{"embeddable":true,"href":"https:\/\/www.tv-kirchzell.de\/index.php?rest_route=%2Fwp%2Fv2%2Fcomments&post=5086"}],"version-history":[{"count":0,"href":"https:\/\/www.tv-kirchzell.de\/index.php?rest_route=\/wp\/v2\/posts\/5086\/revisions"}],"wp:attachment":[{"href":"https:\/\/www.tv-kirchzell.de\/index.php?rest_route=%2Fwp%2Fv2%2Fmedia&parent=5086"}],"wp:term":[{"taxonomy":"category","embeddable":true,"href":"https:\/\/www.tv-kirchzell.de\/index.php?rest_route=%2Fwp%2Fv2%2Fcategories&post=5086"},{"taxonomy":"post_tag","embeddable":true,"href":"https:\/\/www.tv-kirchzell.de\/index.php?rest_route=%2Fwp%2Fv2%2Ftags&post=5086"}],"curies":[{"name":"wp","href":"https:\/\/api.w.org\/{rel}","templated":true}]}}