{"id":5038,"date":"2020-10-26T20:17:01","date_gmt":"2020-10-26T19:17:01","guid":{"rendered":"https:\/\/www.tv-kirchzell.de\/?p=5038"},"modified":"2020-10-29T07:33:22","modified_gmt":"2020-10-29T06:33:22","slug":"neue-zuschauer-bestimmungen","status":"publish","type":"post","link":"https:\/\/www.tv-kirchzell.de\/?p=5038","title":{"rendered":"Neue Zuschauer-Bestimmungen"},"content":{"rendered":"\n<p>Der Landkreis Miltenberg hat heute den Inzidenzwert von 100 Infizierten innerhalb von 7 Tagen auf 100.000 Einwohner \u00fcberschritten. Damit greifen auch f\u00fcr den TV Kirchzell neue Bestimmungen f\u00fcr die Heimspiele. F\u00fcr das Spiel gegen den Longericher SC und solange der Landkreis &#8222;dunkelrot&#8220; ist, gilt nun folgendes:<\/p>\n\n\n\n<ul class=\"wp-block-list\"><li>Es sind <strong>max. 50 Zuschauer<\/strong> zum Spiel zugelassen. <\/li><li>Es gibt nur Pl\u00e4tze oben auf der Trib\u00fcne.<\/li><li>Es wird keinen Verkauf von Speisen geben.<\/li><li>In der kompletten Halle und am Platz gilt eine <strong>Maskenpflicht,<\/strong> Befreiungen werden nicht akzeptiert.<\/li><\/ul>\n\n\n\n<p>Der Kartenverkauf und die Vorregistrierung starten voraussichtlich am Donnerstag.<\/p>\n","protected":false},"excerpt":{"rendered":"<p>Der Landkreis Miltenberg hat heute den Inzidenzwert von 100 Infizierten innerhalb von 7 Tagen auf 100.000 Einwohner \u00fcberschritten. Damit greifen auch f\u00fcr den TV Kirchzell neue Bestimmungen f\u00fcr die Heimspiele. F\u00fcr das Spiel gegen den Longericher SC und solange der Landkreis &#8222;dunkelrot&#8220; ist, gilt nun folgendes: Es sind max. 50<\/p>\n","protected":false},"author":26,"featured_media":0,"comment_status":"closed","ping_status":"open","sticky":false,"template":"","format":"standard","meta":{"footnotes":""},"categories":[5],"tags":[],"class_list":["post-5038","post","type-post","status-publish","format-standard","hentry","category-1mannschaft"],"_links":{"self":[{"href":"https:\/\/www.tv-kirchzell.de\/index.php?rest_route=\/wp\/v2\/posts\/5038","targetHints":{"allow":["GET"]}}],"collection":[{"href":"https:\/\/www.tv-kirchzell.de\/index.php?rest_route=\/wp\/v2\/posts"}],"about":[{"href":"https:\/\/www.tv-kirchzell.de\/index.php?rest_route=\/wp\/v2\/types\/post"}],"author":[{"embeddable":true,"href":"https:\/\/www.tv-kirchzell.de\/index.php?rest_route=\/wp\/v2\/users\/26"}],"replies":[{"embeddable":true,"href":"https:\/\/www.tv-kirchzell.de\/index.php?rest_route=%2Fwp%2Fv2%2Fcomments&post=5038"}],"version-history":[{"count":0,"href":"https:\/\/www.tv-kirchzell.de\/index.php?rest_route=\/wp\/v2\/posts\/5038\/revisions"}],"wp:attachment":[{"href":"https:\/\/www.tv-kirchzell.de\/index.php?rest_route=%2Fwp%2Fv2%2Fmedia&parent=5038"}],"wp:term":[{"taxonomy":"category","embeddable":true,"href":"https:\/\/www.tv-kirchzell.de\/index.php?rest_route=%2Fwp%2Fv2%2Fcategories&post=5038"},{"taxonomy":"post_tag","embeddable":true,"href":"https:\/\/www.tv-kirchzell.de\/index.php?rest_route=%2Fwp%2Fv2%2Ftags&post=5038"}],"curies":[{"name":"wp","href":"https:\/\/api.w.org\/{rel}","templated":true}]}}