{"id":5021,"date":"2020-10-19T20:38:20","date_gmt":"2020-10-19T18:38:20","guid":{"rendered":"https:\/\/www.tv-kirchzell.de\/?p=5021"},"modified":"2020-10-19T20:38:22","modified_gmt":"2020-10-19T18:38:22","slug":"tv-kirchzell-nach-2526-niederlage-gegen-die-bergischen-panther-enttaeuscht","status":"publish","type":"post","link":"https:\/\/www.tv-kirchzell.de\/?p=5021","title":{"rendered":"TV Kirchzell nach 25:26 Niederlage gegen die Bergischen Panther entt\u00e4uscht"},"content":{"rendered":"\n<p>Da hatte sich der TV Kirchzell am Wochenende durchaus mehr vorgenommen gegen die weitgereisten G\u00e4ste der Bergischen Panther, doch am Ende wartet der TVK weiter auf die ersten Punkte.<\/p>\n\n\n\n<!--more-->\n\n\n\n<p>Dabei war die Partie \u00fcber weite Strecken offen, beide Mannschaften hatten ihre H\u00f6hen und Tiefen. Nach der 3:2 F\u00fchrung nach gerade einmal vier Minuten Spielzeit dauerte es eine ganze Weile, bis der TVK wieder in F\u00fchrung gehen sollte. Vor allem die drei vergebenen Siebenmeter allein in der ersten Viertelstunde der Begegnung taten ihr \u00fcbriges dazu, dass die Jungs von Trainer Heiko Karrer den G\u00e4sten hinterherliefen. Torh\u00fcter Tobias J\u00f6rg hielt zwar mit seinen Paraden, auch gegen einige Gegenst\u00f6\u00dfe, was zu halten war, aber dennoch hatten die Panther immer die Nase vorn. Dies blieb auch bis zur Halbzeitpause so, in die es mit einem 14:15 Anschlusstreffer von Tom Spie\u00df ging.<\/p>\n\n\n\n<p>Halbzeit Nummer zwei l\u00e4utete dann Brian Heinrich, der nach seiner Verletzung wieder einsatzf\u00e4hig war, mit seinem Ausgleichstreffer ein. Maximilian Gl\u00e4ser gelang dann in der 37. Minute die 16:15 F\u00fchrung, die erste seit der vierten Minute. Die Bergischen Panther konnten zwar wiederum ausglichen, doch bis zur 42. Minute hatten die Hausherren nun das Zepter in der Hand und bauten auf eine 20:16 F\u00fchrung aus.<\/p>\n\n\n\n<p>F\u00fcr den G\u00e4stetrainer Marcel Mutz Grund genug, um seine Auszeit zu nehmen. Danach nahmen sie Tom Spie\u00df in die Manndeckung und holten Tor um Tor wieder auf, ehe dann in der 53. Minute der Ausgleich zum 23:23 fiel. Die Deckung gegen Tom Spie\u00df schmeckte dem jungen Team von Heiko Karrer gar nicht und die Nervosit\u00e4t war sp\u00fcrbar. In vielen Situationen war die TVK-Truppe nicht abgekl\u00e4rt genug und drei Minuten vor Ende schien bei 23:25 f\u00fcr die G\u00e4ste die Entscheidung bereits gefallen.<\/p>\n\n\n\n<p>Aber der Odenwaldexpress z\u00fcndete nochmal und warf alles in eine Waagschale, traf zum 25:25 Ausgleich. 30 Sekunden vor Schluss nahm der G\u00e4stetrainer nochmal die Auszeit. Hobt\u00b4se, hobt\u00b4se t\u00f6nte es durch die Halle. Die Fans unterst\u00fctzten ihren TVK lautstark, doch es half alles nichts, als G\u00e4stespieler Jens-Peter Reinerz mit dem Schlusspfiff zum 25:26 Sieg f\u00fcr die Bergischen Panther einnetzte.<\/p>\n\n\n\n<p>\u201eWir sind alle sehr entt\u00e4uscht, dass es nicht gereicht hat. Vor allem f\u00fcr das komplette Team um das Team, das daf\u00fcr sorgt, dass wir \u00fcberhaupt in diesen Zeiten spielen k\u00f6nnen, tut es mir leid. Aber wir haben uns zu viele Fehler erlaubt, suchen zu oft den schweren Pass, anstatt den einfachen zu spielen\u201c, sagte TVK-Coach Heiko Karrer.<\/p>\n\n\n\n<p>Kommende Woche geht es f\u00fcr den TV Kirchzell dann zur TSG Ha\u00dfloch. Ob Joshua Osifo bei diesem Spiel dabei sein kann, ist noch fraglich. Er zog sich w\u00e4hrend des Spiels eine Gehirnersch\u00fctterung zu und musste vorsorglich ins Krankenhaus gebracht werden.<\/p>\n\n\n\n<p>TV Kirchzell: J\u00f6rg, Podsendek, B\u00fcchler, Gl\u00e4ser 6, Spie\u00df 5, Heinrich 5\/3, Meyer-Ricks 3, Polixenidis 2, David 2, L. H\u00e4ufgl\u00f6ckner 1, Schnellbacher 1, Blank, Osifo, Soloviov, Ihnatiev<\/p>\n","protected":false},"excerpt":{"rendered":"<p>Da hatte sich der TV Kirchzell am Wochenende durchaus mehr vorgenommen gegen die weitgereisten G\u00e4ste der Bergischen Panther, doch am Ende wartet der TVK weiter auf die ersten Punkte.<\/p>\n","protected":false},"author":26,"featured_media":0,"comment_status":"closed","ping_status":"open","sticky":false,"template":"","format":"standard","meta":{"footnotes":""},"categories":[5],"tags":[],"class_list":["post-5021","post","type-post","status-publish","format-standard","hentry","category-1mannschaft"],"_links":{"self":[{"href":"https:\/\/www.tv-kirchzell.de\/index.php?rest_route=\/wp\/v2\/posts\/5021","targetHints":{"allow":["GET"]}}],"collection":[{"href":"https:\/\/www.tv-kirchzell.de\/index.php?rest_route=\/wp\/v2\/posts"}],"about":[{"href":"https:\/\/www.tv-kirchzell.de\/index.php?rest_route=\/wp\/v2\/types\/post"}],"author":[{"embeddable":true,"href":"https:\/\/www.tv-kirchzell.de\/index.php?rest_route=\/wp\/v2\/users\/26"}],"replies":[{"embeddable":true,"href":"https:\/\/www.tv-kirchzell.de\/index.php?rest_route=%2Fwp%2Fv2%2Fcomments&post=5021"}],"version-history":[{"count":0,"href":"https:\/\/www.tv-kirchzell.de\/index.php?rest_route=\/wp\/v2\/posts\/5021\/revisions"}],"wp:attachment":[{"href":"https:\/\/www.tv-kirchzell.de\/index.php?rest_route=%2Fwp%2Fv2%2Fmedia&parent=5021"}],"wp:term":[{"taxonomy":"category","embeddable":true,"href":"https:\/\/www.tv-kirchzell.de\/index.php?rest_route=%2Fwp%2Fv2%2Fcategories&post=5021"},{"taxonomy":"post_tag","embeddable":true,"href":"https:\/\/www.tv-kirchzell.de\/index.php?rest_route=%2Fwp%2Fv2%2Ftags&post=5021"}],"curies":[{"name":"wp","href":"https:\/\/api.w.org\/{rel}","templated":true}]}}