{"id":4968,"date":"2020-10-16T10:13:47","date_gmt":"2020-10-16T08:13:47","guid":{"rendered":"https:\/\/tv-kirchzell.de\/?p=4968"},"modified":"2020-10-16T21:30:20","modified_gmt":"2020-10-16T19:30:20","slug":"wichtig-maskenpflicht-auch-waehrend-dem-spiel","status":"publish","type":"post","link":"https:\/\/www.tv-kirchzell.de\/?p=4968","title":{"rendered":"Wichtig: Maskenpflicht auch w\u00e4hrend dem Spiel!"},"content":{"rendered":"\n<p>Aufgrund steigender Corona-Zahlen im Landkreis Miltenberg m\u00fcssen unsere Zuschauer auch w\u00e4hrend dem Spiel auf ihren Pl\u00e4tzen eine Maske tragen. <\/p>\n\n\n\n<p>Wir bitten um Ihr Verst\u00e4ndnis und hoffen das sich die Lage bald wieder entspannt.<\/p>\n","protected":false},"excerpt":{"rendered":"<p>Aufgrund steigender Corona-Zahlen im Landkreis Miltenberg m\u00fcssen unsere Zuschauer auch w\u00e4hrend dem Spiel auf ihren Pl\u00e4tzen eine Maske tragen. Wir bitten um Ihr Verst\u00e4ndnis und hoffen das sich die Lage bald wieder entspannt.<\/p>\n","protected":false},"author":2,"featured_media":0,"comment_status":"closed","ping_status":"open","sticky":false,"template":"","format":"standard","meta":{"footnotes":""},"categories":[5,13],"tags":[],"class_list":["post-4968","post","type-post","status-publish","format-standard","hentry","category-1mannschaft","category-verein"],"_links":{"self":[{"href":"https:\/\/www.tv-kirchzell.de\/index.php?rest_route=\/wp\/v2\/posts\/4968","targetHints":{"allow":["GET"]}}],"collection":[{"href":"https:\/\/www.tv-kirchzell.de\/index.php?rest_route=\/wp\/v2\/posts"}],"about":[{"href":"https:\/\/www.tv-kirchzell.de\/index.php?rest_route=\/wp\/v2\/types\/post"}],"author":[{"embeddable":true,"href":"https:\/\/www.tv-kirchzell.de\/index.php?rest_route=\/wp\/v2\/users\/2"}],"replies":[{"embeddable":true,"href":"https:\/\/www.tv-kirchzell.de\/index.php?rest_route=%2Fwp%2Fv2%2Fcomments&post=4968"}],"version-history":[{"count":0,"href":"https:\/\/www.tv-kirchzell.de\/index.php?rest_route=\/wp\/v2\/posts\/4968\/revisions"}],"wp:attachment":[{"href":"https:\/\/www.tv-kirchzell.de\/index.php?rest_route=%2Fwp%2Fv2%2Fmedia&parent=4968"}],"wp:term":[{"taxonomy":"category","embeddable":true,"href":"https:\/\/www.tv-kirchzell.de\/index.php?rest_route=%2Fwp%2Fv2%2Fcategories&post=4968"},{"taxonomy":"post_tag","embeddable":true,"href":"https:\/\/www.tv-kirchzell.de\/index.php?rest_route=%2Fwp%2Fv2%2Ftags&post=4968"}],"curies":[{"name":"wp","href":"https:\/\/api.w.org\/{rel}","templated":true}]}}