{"id":4860,"date":"2020-10-02T08:00:00","date_gmt":"2020-10-02T06:00:00","guid":{"rendered":"https:\/\/www.tv-kirchzell.de\/?p=4860"},"modified":"2020-10-02T12:30:14","modified_gmt":"2020-10-02T10:30:14","slug":"saisonstart-nach-6-monaten-pause-tv-kirchzell-mit-heimspiel-gegen-dutenhofen-muenchholzhausen-ii","status":"publish","type":"post","link":"https:\/\/www.tv-kirchzell.de\/?p=4860","title":{"rendered":"Saisonstart nach 6 Monaten Pause &#8211; TV Kirchzell mit Heimspiel gegen Dutenhofen-M\u00fcnchholzhausen II"},"content":{"rendered":"\n<p>Der TV Kirchzell darf am kommenden Samstag nach der langen Corona-Zwangspause endlich wieder Handball in der 3. Liga spielen. Es geht in der heimischen Halle in Amorbach gegen die Mannschaft der HSG Dutenhofen-M\u00fcnchholzhausen II.<\/p>\n\n\n\n<!--more-->\n\n\n\n<p>Lange war unklar, ob die Saison wirklich gestartet wird und ob vor allem Zuschauer zu den Spielen zugelassen werden. Nach vielen Tagen des Hoffens und Bangens ist nun klar, dass der Odenwaldexpress des TVK vor maximal 200 Zuschauern wieder auf Torejagd gehen wird. In der Parzivalhalle in Amorbach gelten Abstandsregeln und Hygienevorschriften. Mit dem neuen Trainer Heiko Karrer und einem verst\u00e4rkten Kader erhoffen sich die Verantwortlichen nun einen guten Start in diese besondere Saison.<\/p>\n\n\n\n<p>Der Gegner HSG Dutenhofen-M\u00fcnchholzhausen hat in der langen Pause einige personelle Umbr\u00fcche gehabt. So haben auch sie mit Gennadij Chalepo einen neuen Trainer, der von Andreas Klimpke unterst\u00fctzt wird. Besonders schmerzen d\u00fcrfte der Verlust von Regisseur Jan Weber (TV H\u00fcttenberg), aber auch den Wechsel von Kevin Kunzendorf (MSG Gro\u00df-Bieberau) und Torh\u00fcter Anadin Suljakovic (Zweitspielrecht beim EHV Aue) gilt es zu kompensieren. Dies erhoffen sich die Verantwortlichen mit den Verpflichtungen von Tm Hottgenroth und Jonas M\u00fcller (beide Ferndorf), Erik Irle (Volmetal) und Simon Belter (H\u00fcttenberg) zu erreichen.<\/p>\n\n\n\n<p>TVK-Coach Heiko Karrer wei\u00df, dass vor allem mit den Reserven von Bundesligisten immer zu rechnen ist, da viele Spieler Jugend-Bundesliga gespielt haben. Eine gute allgemeine, technische und taktische Ausbildung ist f\u00fcr diese Spieler die Grundlage, um sp\u00e4ter in die 1. Mannschaften aufzusteigen. Der Odenwaldexpress kann sich also auf reichlich Tempo und Kraft einstellen.<\/p>\n\n\n\n<p>Die Vorbereitungsphase des TV Kirchzell sieht Karrer als Erfolg. Bei den Testspielsiegen, auch gegen andere Drittliga Teams wie Schwetzingen oder Kronau konnte er stets die Fortschritte seines Teams sehen, die ihn sehr zuversichtlich f\u00fcr den Saisonstart stimmen. Seinen ersten Einsatz in heimischer Halle wird da auch der Ex-Gro\u00dfwallst\u00e4dter Spieler Tom Spie\u00df geben. Er bringt die notwendige Erfahrung auf der Spielmacherposition mit. Fehlen wird beim Auftakt indes Tim H\u00e4ufgl\u00f6ckner, der nach seinem Achillessehnenriss langfristig ausfallen wird.<\/p>\n\n\n\n<p>Heiko Karrer fordert ein \u00fcberzeugendes und selbstvertrautes Auftreten der Mannschaft. Die Zuschauer sollen sehen, dass der TV Kirchzell wieder eine heimstarke Mannschaft sein will. Unterst\u00fctzt von den Fans als <strong><span style=\"color: darkred\">rote Wand<\/span><\/strong>, die ordentlich Rabatz machen, sollen die Gegner keine Lust haben zum TV Kirchzell zu m\u00fcssen.<\/p>\n\n\n\n<p>Start in die neue Saison ist am Samstag, 03.10.2020 zu gewohnter Zeit um 19:30 Uhr in der Parzivalhalle Amorbach.<\/p>\n\n\n\n<p>Es sind noch Karten \u00fcber den neuen Webshop zu erwerben, eine Abendkasse gibt es nicht. G\u00e4stefans sind nicht zugelassen. <\/p>\n\n\n\n<p><a href=\"http:\/\/shop.tv-kirchzell.de\">shop.tv-kirchzell.de<\/a><\/p>\n\n\n\n<p><\/p>\n","protected":false},"excerpt":{"rendered":"<p>Der TV Kirchzell darf am kommenden Samstag nach der langen Corona-Zwangspause endlich wieder Handball in der 3. Liga spielen. Es geht in der heimischen Halle in Amorbach gegen die Mannschaft der HSG Dutenhofen-M\u00fcnchholzhausen II.<\/p>\n","protected":false},"author":26,"featured_media":0,"comment_status":"closed","ping_status":"open","sticky":false,"template":"","format":"standard","meta":{"footnotes":""},"categories":[5],"tags":[],"class_list":["post-4860","post","type-post","status-publish","format-standard","hentry","category-1mannschaft"],"_links":{"self":[{"href":"https:\/\/www.tv-kirchzell.de\/index.php?rest_route=\/wp\/v2\/posts\/4860","targetHints":{"allow":["GET"]}}],"collection":[{"href":"https:\/\/www.tv-kirchzell.de\/index.php?rest_route=\/wp\/v2\/posts"}],"about":[{"href":"https:\/\/www.tv-kirchzell.de\/index.php?rest_route=\/wp\/v2\/types\/post"}],"author":[{"embeddable":true,"href":"https:\/\/www.tv-kirchzell.de\/index.php?rest_route=\/wp\/v2\/users\/26"}],"replies":[{"embeddable":true,"href":"https:\/\/www.tv-kirchzell.de\/index.php?rest_route=%2Fwp%2Fv2%2Fcomments&post=4860"}],"version-history":[{"count":0,"href":"https:\/\/www.tv-kirchzell.de\/index.php?rest_route=\/wp\/v2\/posts\/4860\/revisions"}],"wp:attachment":[{"href":"https:\/\/www.tv-kirchzell.de\/index.php?rest_route=%2Fwp%2Fv2%2Fmedia&parent=4860"}],"wp:term":[{"taxonomy":"category","embeddable":true,"href":"https:\/\/www.tv-kirchzell.de\/index.php?rest_route=%2Fwp%2Fv2%2Fcategories&post=4860"},{"taxonomy":"post_tag","embeddable":true,"href":"https:\/\/www.tv-kirchzell.de\/index.php?rest_route=%2Fwp%2Fv2%2Ftags&post=4860"}],"curies":[{"name":"wp","href":"https:\/\/api.w.org\/{rel}","templated":true}]}}