{"id":4101,"date":"2020-01-25T11:06:43","date_gmt":"2020-01-25T10:06:43","guid":{"rendered":"https:\/\/www.tv-kirchzell.de\/?p=4101"},"modified":"2020-02-04T21:34:21","modified_gmt":"2020-02-04T20:34:21","slug":"trainerwechsel-zur-saison-2020-2021-andi-kunz-uebergibt-an-heiko-karrer","status":"publish","type":"post","link":"https:\/\/www.tv-kirchzell.de\/?p=4101","title":{"rendered":"Trainerwechsel zur Saison 2020\/2021 \u2013 Andi Kunz \u00fcbergibt an Heiko Karrer"},"content":{"rendered":"\n<p>Beruf und Handball unter einen Hut zu bekommen ist gerade im Amateurbereich nicht immer eine leichte Sache. Auch nicht beim TV Kirchzell. Nachdem das Problem bei einigen Spielern nun immer h\u00e4ufiger auftritt, dass sie durch Studium oder Beruf nicht regelm\u00e4\u00dfig an den Trainingseinheiten teilnehmen k\u00f6nnen, ist es auch f\u00fcr den Coach Andreas Kunz immer schwerer geworden, sich f\u00fcr seine Aufgaben im Verein die n\u00f6tige Zeit zu nehmen. Auch er ist beruflich sehr eingespannt und sieht sich nicht in der Lage diesen Spagat weiter fortzuf\u00fchren.<\/p>\n\n\n\n<!--more-->\n\n\n\n<p>Aus diesem Grund hat er sich dazu entschieden, sein Traineramt nach der Saison abzugeben. Andi Kunz betont: \u201eDas hat nichts mit unserer aktuellen Tabellensituation zu tun.\u201c Und ein Nachfolger ist bereits gefunden. Ab der kommenden Saison wird Heiko Karrer, der bis September 2017 bei Lokalrivale TV Gro\u00dfwallstadt an der Seitenlinie stand und danach das Traineramt bei der TG Heidingsfeld \u00fcbernommen hatte, den Odenwaldexpress trainieren. <\/p>\n\n\n\n<p>Karrer f\u00fchrte die TG in die Bayernliga, doch in der vergangenen Woche kam die \u00fcberraschende Nachricht, dass der Hauptsponsor aussteigt und die Mannschaft abgemeldet wird. Beim TV Kirchzell kann Karrer nun einen Neuanfang starten. Und \u201edas ist unabh\u00e4ngig davon, in welcher Liga Kirchzell in der n\u00e4chsten Saison spielt\u201c, so Karrer. Denn nach wie vor steckt der TVK voll im Abstiegskampf der 3. Liga Mitte.<\/p>\n\n\n\n<p>Bei seinem neuen Verein TV Kirchzell erhofft sich Heiko Karrer nach den Turbulenzen in Heidingsfeld wieder etwas ruhiger arbeiten zu k\u00f6nnen. Vor allem die Struktur des Vereins, \u201eder mit jungen Spielern und kleinem Budget arbeitet\u201c, reizt ihn sehr. Und auch der Anfahrtsweg zum Training wird f\u00fcr den Gro\u00dfwallst\u00e4dter in Zukunft wieder k\u00fcrzer. Nach Kirchzell sind es, anders als nach Heidingsfeld, keine 99 Kilometer, sondern nur 37.<\/p>\n\n\n\n<p>Dem Noch-Coach Andi Kunz sei an dieser Stelle f\u00fcr sein Engagement in den letzten Jahren gedankt. Er schaffte mit einer sehr jungen Mannschaft nach einem mittelm\u00e4\u00dfigen Start in der letzten Saison die Meisterschaft in der Oberliga Hessen zu holen und nach einer anstrengenden Relegation sogar den Aufstieg in die 3. Liga.<\/p>\n\n\n\n<p>Seinem Nachfolger Heiko Karrer w\u00fcnschen wir ab dem Sommer\neinen guten Start beim Odenwaldexpress.<\/p>\n\n\n\n<p><\/p>\n","protected":false},"excerpt":{"rendered":"<p>Beruf und Handball unter einen Hut zu bekommen ist gerade im Amateurbereich nicht immer eine leichte Sache. Auch nicht beim TV Kirchzell. Nachdem das Problem bei einigen Spielern nun immer h\u00e4ufiger auftritt, dass sie durch Studium oder Beruf nicht regelm\u00e4\u00dfig an den Trainingseinheiten teilnehmen k\u00f6nnen, ist es auch f\u00fcr den<\/p>\n","protected":false},"author":26,"featured_media":0,"comment_status":"closed","ping_status":"open","sticky":false,"template":"","format":"standard","meta":{"footnotes":""},"categories":[5,13],"tags":[],"class_list":["post-4101","post","type-post","status-publish","format-standard","hentry","category-1mannschaft","category-verein"],"_links":{"self":[{"href":"https:\/\/www.tv-kirchzell.de\/index.php?rest_route=\/wp\/v2\/posts\/4101","targetHints":{"allow":["GET"]}}],"collection":[{"href":"https:\/\/www.tv-kirchzell.de\/index.php?rest_route=\/wp\/v2\/posts"}],"about":[{"href":"https:\/\/www.tv-kirchzell.de\/index.php?rest_route=\/wp\/v2\/types\/post"}],"author":[{"embeddable":true,"href":"https:\/\/www.tv-kirchzell.de\/index.php?rest_route=\/wp\/v2\/users\/26"}],"replies":[{"embeddable":true,"href":"https:\/\/www.tv-kirchzell.de\/index.php?rest_route=%2Fwp%2Fv2%2Fcomments&post=4101"}],"version-history":[{"count":0,"href":"https:\/\/www.tv-kirchzell.de\/index.php?rest_route=\/wp\/v2\/posts\/4101\/revisions"}],"wp:attachment":[{"href":"https:\/\/www.tv-kirchzell.de\/index.php?rest_route=%2Fwp%2Fv2%2Fmedia&parent=4101"}],"wp:term":[{"taxonomy":"category","embeddable":true,"href":"https:\/\/www.tv-kirchzell.de\/index.php?rest_route=%2Fwp%2Fv2%2Fcategories&post=4101"},{"taxonomy":"post_tag","embeddable":true,"href":"https:\/\/www.tv-kirchzell.de\/index.php?rest_route=%2Fwp%2Fv2%2Ftags&post=4101"}],"curies":[{"name":"wp","href":"https:\/\/api.w.org\/{rel}","templated":true}]}}