{"id":2782,"date":"2018-09-17T18:05:30","date_gmt":"2018-09-17T16:05:30","guid":{"rendered":"http:\/\/www.tv-kirchzell.de\/?p=2782"},"modified":"2018-09-17T18:05:30","modified_gmt":"2018-09-17T16:05:30","slug":"weibl-c-jugend-holt-sich-die-ersten-zwei-punkte-in-der-oberliga","status":"publish","type":"post","link":"https:\/\/www.tv-kirchzell.de\/?p=2782","title":{"rendered":"Weibl. C-Jugend holt sich die ersten zwei Punkte in der Oberliga"},"content":{"rendered":"<p><span style=\"color: #000000;font-family: Arial;font-size: medium\">Mit einem deutlichen 31 : 22 (11 : 8) Heimsieg gegen den TSV Klein-Auheim holt sich die C-Jugend ihre ersten Punkte in der Oberliga. <\/span><\/p>\n<p><span style=\"color: #000000;font-family: Arial;font-size: medium\">Nach der Auftaktniederlage in Oberursel wollten die M\u00e4dchen beim Heimspiel die ersten Punkte einfahren. Gegen den bisher unbekannten Gegner Klein-Auheim war vor der gro\u00dfen Zuschauerkulisse in der Kirchzeller Halle, die uns mit Pauken und Tr\u00f6ten unterst\u00fctzten, eine gewisse Nervosit\u00e4t vorhanden, die sich erst in der 2. Spielh\u00e4lfte endg\u00fcltig legen sollte.<\/span><\/p>\n<p><span style=\"font-family: Arial\"><span style=\"font-size: medium\"><span style=\"color: #000000\">Hochmotiviert ging unsere JSG zun\u00e4chst mit 7 : 2 in Front. W\u00e4hrend unsere Mannschaft im Angriff relativ schnell zum Abschlu\u00df kam, allerdings auch den ein oder anderen Fehlwurf zu verzeichnen hatte, spielte Klein-Auheim lange Angriffe und konnte oft nur mit Fouls, die zum\u00a0 7m f\u00fchrten, gestoppt werden. Deshalb verk\u00fcrzte der Gegner bis zur Halbzeitpause den R\u00fcckstand auf 8 : 11.\u00a0\u00a0\u00a0 <\/span><\/span><\/span><span style=\"color: #000000;font-family: Arial;font-size: medium\">\u00a0<\/span><\/p>\n<p><span style=\"font-family: Arial\"><span style=\"font-size: medium\"><span style=\"color: #000000\">In der 2. H\u00e4lfte stellte sich unser Team dann hervorragend auf die recht offene Deckung von Klein-Auheim ein und spielte sich reihenweise \u00dcberzahlsituationen heraus. Der Torabschlu\u00df gelang nun auch deutlich besser, die M\u00e4dels spielten wie aus einem Gu\u00df und trafen in der 2. H\u00e4lfte 20 mal das Tor. In der Abwehr hatten wir den Gegner bei 1 gegen 1 Situation nicht immer im Griff. So konnte Klein-Auheim zun\u00e4chst noch nicht abgesch\u00fcttelt werden. Sp\u00e4testens beim Spielstand von 29 : 19 war das Spiel jedoch f\u00fcr uns entschieden.\u00a0 <\/span><\/span><\/span><\/p>\n<p><span style=\"color: #000000;font-family: Arial;font-size: medium\">Spielerisch waren wir dem Gegner zwar \u00fcberlegen. 10 gegen uns gegebene 7m zeigen jedoch, dass das Abwehrverhalten noch verbessert werden kann. <\/span><\/p>\n<p><span style=\"color: #000000;font-family: Arial;font-size: medium\">Dennoch waren alle an diesem Tag zufrieden und gl\u00fccklich \u00fcber den ersten Saisonsieg. <\/span><\/p>\n<p><span style=\"font-family: Arial\"><span style=\"font-size: medium\"><span style=\"color: #000000\">Beteiligt waren: Linda M\u00fcnch, Liv Niesner, Emma Fr\u00f6de, Paulina J\u00e4ger, Lea Meisenzahl, Michelle Frosch, Lara Hofmann, Patricia Walter, Julia W\u00f6rner, Eva Nowak, Nele Bundschuh, Tamara Schmitt und Lea-Sophie Meisenzahl. \u00a0<\/span><\/span><\/span><\/p>\n<p><span style=\"color: #000000;font-family: Arial;font-size: medium\">\u00a0<\/span><\/p>\n<p><span style=\"color: #000000;font-family: Arial;font-size: medium\">\u00a0<\/span><\/p>\n<p><span style=\"color: #000000;font-family: Arial;font-size: medium\">\u00a0<\/span><\/p>\n","protected":false},"excerpt":{"rendered":"<p>Mit einem deutlichen 31 : 22 (11 : 8) Heimsieg gegen den TSV Klein-Auheim holt sich die C-Jugend ihre ersten Punkte in der Oberliga. Nach der Auftaktniederlage in Oberursel wollten die M\u00e4dchen beim Heimspiel die ersten Punkte einfahren. Gegen den bisher unbekannten Gegner Klein-Auheim war vor der gro\u00dfen Zuschauerkulisse in<\/p>\n","protected":false},"author":18,"featured_media":0,"comment_status":"closed","ping_status":"open","sticky":false,"template":"","format":"standard","meta":{"footnotes":""},"categories":[24],"tags":[],"class_list":["post-2782","post","type-post","status-publish","format-standard","hentry","category-wc-jugend"],"_links":{"self":[{"href":"https:\/\/www.tv-kirchzell.de\/index.php?rest_route=\/wp\/v2\/posts\/2782","targetHints":{"allow":["GET"]}}],"collection":[{"href":"https:\/\/www.tv-kirchzell.de\/index.php?rest_route=\/wp\/v2\/posts"}],"about":[{"href":"https:\/\/www.tv-kirchzell.de\/index.php?rest_route=\/wp\/v2\/types\/post"}],"author":[{"embeddable":true,"href":"https:\/\/www.tv-kirchzell.de\/index.php?rest_route=\/wp\/v2\/users\/18"}],"replies":[{"embeddable":true,"href":"https:\/\/www.tv-kirchzell.de\/index.php?rest_route=%2Fwp%2Fv2%2Fcomments&post=2782"}],"version-history":[{"count":0,"href":"https:\/\/www.tv-kirchzell.de\/index.php?rest_route=\/wp\/v2\/posts\/2782\/revisions"}],"wp:attachment":[{"href":"https:\/\/www.tv-kirchzell.de\/index.php?rest_route=%2Fwp%2Fv2%2Fmedia&parent=2782"}],"wp:term":[{"taxonomy":"category","embeddable":true,"href":"https:\/\/www.tv-kirchzell.de\/index.php?rest_route=%2Fwp%2Fv2%2Fcategories&post=2782"},{"taxonomy":"post_tag","embeddable":true,"href":"https:\/\/www.tv-kirchzell.de\/index.php?rest_route=%2Fwp%2Fv2%2Ftags&post=2782"}],"curies":[{"name":"wp","href":"https:\/\/api.w.org\/{rel}","templated":true}]}}