{"id":2324,"date":"2018-03-15T20:28:11","date_gmt":"2018-03-15T19:28:11","guid":{"rendered":"http:\/\/tv-kirchzell.de\/?p=2324"},"modified":"2018-03-15T20:30:32","modified_gmt":"2018-03-15T19:30:32","slug":"oberliga-hessen-huenfelder-sv-gastiert-beim-tvk","status":"publish","type":"post","link":"https:\/\/www.tv-kirchzell.de\/?p=2324","title":{"rendered":"Oberliga Hessen \u2013 H\u00fcnfelder SV gastiert beim TVK"},"content":{"rendered":"<p><img decoding=\"async\" src=\"http:\/\/tv-kirchzell.de\/wp-content\/plugins\/sis-tvk\/images\/herren1\/tvk.jpg\" alt=\"\" \/> : <img decoding=\"async\" src=\"http:\/\/tv-kirchzell.de\/wp-content\/plugins\/sis-tvk\/images\/herren1\/huenfeld.jpg\" alt=\"\" \/><\/p>\n<p>Nach dem deutlichen Heimsieg am vergangenen Samstag gegen Wiesbaden bestreitet der TVK sein zweites Heimspiel in Folge, diesmal gegen das derzeitige Tabellenschlu\u00dflicht der Liga.<\/p>\n<p><!--more--><\/p>\n<p>Die G\u00e4ste aus dem Landkreis Fulda konnten in der laufenden Runde bisher erst ein Spiel zu ihren Gunsten entscheiden. Das gelang gegen Offenbach\/B\u00fcrgel. Sie kommen daher als klarer Au\u00dfenseiter zum TVK und haben nichts zu verlieren. Genau darin liegt aber die Gefahr f\u00fcr den TV Kirchzell. Die Mannschaft muss mit voller Konzentration zu Werke gehen und darf H\u00fcnfeld auf keinen Fall untersch\u00e4tzen. TVK-Trainer Andi Kunz sagt \u201eDass wir besser sind, m\u00fcssen wir unter Beweis stellen. Wir m\u00fcssen elementare Dinge besser machen als der Gegner.\u201c<br \/>\nSeine Mannschaft konnte unter der Woche nicht wie gewohnt trainieren, da einige Spieler beruflich bzw. schulisch eingespannt waren. Andi Kunz f\u00fchrt weiter aus: \u201eEs ist sch\u00f6n wenn wir klarer Favorit sind, auch gegen andere Teams. Diesen Status mussten wir uns aber auch erarbeiten.\u201c Er hat den Gegner nat\u00fcrlich analysiert und weiss, dass die Gastmannschaft auch Qualit\u00e4ten in ihren Reihen hat. So verf\u00fcgt das Team \u00fcber zwei Torh\u00fcter, die der Mannschaft gewisse Stabilit\u00e4t verleihen k\u00f6nnen. Wichtig wird sein, dass der TVK von Anfang an gut ins Spiel findet und seine Qualit\u00e4t ausspielt. Dann d\u00fcrfte dem 7. Heimsieg nichts mehr im Wege stehen. Wie immer hofft die Mannschaft auch auf zahlreiche Unterst\u00fctzung ihrer Fans.<\/p>\n<p>Anwurf zum Spiel ist am Samstag, 17.03.2018 um 19.30 Uhr in der Parzivalhalle in Amorbach<\/p>\n","protected":false},"excerpt":{"rendered":"<p>: Nach dem deutlichen Heimsieg am vergangenen Samstag gegen Wiesbaden bestreitet der TVK sein zweites Heimspiel in Folge, diesmal gegen das derzeitige Tabellenschlu\u00dflicht der Liga.<\/p>\n","protected":false},"author":22,"featured_media":0,"comment_status":"closed","ping_status":"open","sticky":false,"template":"","format":"standard","meta":{"footnotes":""},"categories":[5],"tags":[],"class_list":["post-2324","post","type-post","status-publish","format-standard","hentry","category-1mannschaft"],"_links":{"self":[{"href":"https:\/\/www.tv-kirchzell.de\/index.php?rest_route=\/wp\/v2\/posts\/2324","targetHints":{"allow":["GET"]}}],"collection":[{"href":"https:\/\/www.tv-kirchzell.de\/index.php?rest_route=\/wp\/v2\/posts"}],"about":[{"href":"https:\/\/www.tv-kirchzell.de\/index.php?rest_route=\/wp\/v2\/types\/post"}],"author":[{"embeddable":true,"href":"https:\/\/www.tv-kirchzell.de\/index.php?rest_route=\/wp\/v2\/users\/22"}],"replies":[{"embeddable":true,"href":"https:\/\/www.tv-kirchzell.de\/index.php?rest_route=%2Fwp%2Fv2%2Fcomments&post=2324"}],"version-history":[{"count":0,"href":"https:\/\/www.tv-kirchzell.de\/index.php?rest_route=\/wp\/v2\/posts\/2324\/revisions"}],"wp:attachment":[{"href":"https:\/\/www.tv-kirchzell.de\/index.php?rest_route=%2Fwp%2Fv2%2Fmedia&parent=2324"}],"wp:term":[{"taxonomy":"category","embeddable":true,"href":"https:\/\/www.tv-kirchzell.de\/index.php?rest_route=%2Fwp%2Fv2%2Fcategories&post=2324"},{"taxonomy":"post_tag","embeddable":true,"href":"https:\/\/www.tv-kirchzell.de\/index.php?rest_route=%2Fwp%2Fv2%2Ftags&post=2324"}],"curies":[{"name":"wp","href":"https:\/\/api.w.org\/{rel}","templated":true}]}}