{"id":226,"date":"2017-10-12T21:22:29","date_gmt":"2017-10-12T19:22:29","guid":{"rendered":"http:\/\/tv-kirchzell.com\/?p=226"},"modified":"2017-12-03T15:12:07","modified_gmt":"2017-12-03T14:12:07","slug":"tradition-verpflichtet","status":"publish","type":"post","link":"https:\/\/www.tv-kirchzell.de\/?p=226","title":{"rendered":"Tradition verpflichtet"},"content":{"rendered":"<p><em>Quelle: Handballwoche<\/em><\/p>\n<blockquote><p>Es war eine ziemlich bittere Saison, die der TV Kirchzell im vergangenen Spieljahr durchstehen musste. Schwache &nbsp;Leistungen oder ungl\u00fcckliche Auftritte, die knappe Niederlagen nach sich zogen, bedeuteten den sang- und klanglosen Abstieg aus der 3.Liga.<br \/>\n<!--more--><br \/>\nDer vormals stolze Zweitligist, f\u00fcr den zahlreiche Nationalspieler und Stars spielten, wagt nun einen radikalen Neuanfang in der Oberliga Hessen.<\/p>\n<p>Die Liste der bekannten Spieler, die einmal das rot-wei\u00dfe Trikot trugen, ist lang: Petar Djordjic, Heiko Grimm, Markus Hock, Carsten Lichtlein, Andreas Kunz, Bernd Roos, Patrick Schmidt und Andreas Wolff geh\u00f6ren dazu. Geh\u00f6rten diese acht Spieler einer Generation an und liefen gemeinsam in einem Team auf \u2013 es m\u00fcsste in der Bundesliga wohl kaum in Abstiegsgefahr geraten. Doch in Kirchzell will man nicht in der Vergangenheit schwelgen.<\/p>\n<p>Der Blick ist vielmehr nach vorne gerichtet als nach hinten. Eine Sache haben sich die Verantwortlichen u Trainer Andreas Kunz f\u00fcr die inzwischen wieder laufende Saison auf die Fahne geschrieben: Der TVK m\u00f6chte den Gegnern \u201eauf die Nerven gehen\u201c. Auch wenn der Start mit 3:3 Z\u00e4hlern nicht&nbsp;unbedingtgelang \u2013 erst am dritten Spieltag langte es gegen die ESG Gensungen-Felsberg zum ersten Saisonsieg. Es wird wohl noch ein bisschen dauern, bis die neu formierte Mannschaft wieder ein ernsthaftes W\u00f6rtchen in der Spitzengruppe mitsprechen wird. Vor allem die Abg\u00e4nge von Kapit\u00e4n Dino Corak (TV Gro\u00dfwallstadt) und Torj\u00e4ger Felix Spross (HSC Coburg) schmerzen.<\/p>\n<p>Dazu gingen noch Sandro Friedrich (HSG Rodgau Nieder-Roden), Dennis Weit (Eintracht Hildesheim), Lucas Bauer (MSG Gro\u00df-Bieberau), Felix Mann (Rot-Wei\u00df Babenhausen) und Robert Heinemann(Mecklenburger Stiere).<\/p>\n<p>Die hochkar\u00e4tigen Abg\u00e4nge konnten nicht ad\u00e4quat ersetzt werden. Richtige Zug\u00e4nge z\u00e4hlt Trainer Kunz nur zwei. Allein Jonas Wuth (HSG Kahl\/Kleinostheim) und Brian Heinrich (TVG Junioren Akademie) schlossen sich dem Drittliga-Absteiger an. Ansonsten wurde der Kader mit Spielern aus der zweiten Mannschaft und der Jugend erg\u00e4nzt. Um unter dem fr\u00fcheren Bundesliga-Spieler Kunz spielen zu d\u00fcrfen, bedurfte es \u00fcbrigens einer besonderen Qualifikation oder besser k\u00f6rperlichen Vorgabe: Vor allem sind es Kirchzeller, die das Herz am richtigen Fleck haben\u201c sagte Kunz, dessen Team am Wochenende bei der MSG Umstadt\/Habitzheim mit 24:23 gewann.<\/p><\/blockquote>\n","protected":false},"excerpt":{"rendered":"<p>Quelle: Handballwoche Es war eine ziemlich bittere Saison, die der TV Kirchzell im vergangenen Spieljahr durchstehen musste. Schwache &nbsp;Leistungen oder ungl\u00fcckliche Auftritte, die knappe Niederlagen nach sich zogen, bedeuteten den sang- und klanglosen Abstieg aus der 3.Liga.<\/p>\n","protected":false},"author":1,"featured_media":0,"comment_status":"closed","ping_status":"open","sticky":false,"template":"","format":"standard","meta":{"footnotes":""},"categories":[5],"tags":[],"class_list":["post-226","post","type-post","status-publish","format-standard","hentry","category-1mannschaft"],"_links":{"self":[{"href":"https:\/\/www.tv-kirchzell.de\/index.php?rest_route=\/wp\/v2\/posts\/226","targetHints":{"allow":["GET"]}}],"collection":[{"href":"https:\/\/www.tv-kirchzell.de\/index.php?rest_route=\/wp\/v2\/posts"}],"about":[{"href":"https:\/\/www.tv-kirchzell.de\/index.php?rest_route=\/wp\/v2\/types\/post"}],"author":[{"embeddable":true,"href":"https:\/\/www.tv-kirchzell.de\/index.php?rest_route=\/wp\/v2\/users\/1"}],"replies":[{"embeddable":true,"href":"https:\/\/www.tv-kirchzell.de\/index.php?rest_route=%2Fwp%2Fv2%2Fcomments&post=226"}],"version-history":[{"count":0,"href":"https:\/\/www.tv-kirchzell.de\/index.php?rest_route=\/wp\/v2\/posts\/226\/revisions"}],"wp:attachment":[{"href":"https:\/\/www.tv-kirchzell.de\/index.php?rest_route=%2Fwp%2Fv2%2Fmedia&parent=226"}],"wp:term":[{"taxonomy":"category","embeddable":true,"href":"https:\/\/www.tv-kirchzell.de\/index.php?rest_route=%2Fwp%2Fv2%2Fcategories&post=226"},{"taxonomy":"post_tag","embeddable":true,"href":"https:\/\/www.tv-kirchzell.de\/index.php?rest_route=%2Fwp%2Fv2%2Ftags&post=226"}],"curies":[{"name":"wp","href":"https:\/\/api.w.org\/{rel}","templated":true}]}}