{"id":2084,"date":"2018-02-01T21:33:21","date_gmt":"2018-02-01T20:33:21","guid":{"rendered":"http:\/\/tv-kirchzell.de\/?p=2084"},"modified":"2018-02-01T21:37:48","modified_gmt":"2018-02-01T20:37:48","slug":"oberliga-hessen-tvk-erwartet-die-tsg-offenbach-buergel-zum-ersten-heimspiel-der-rueckrunde","status":"publish","type":"post","link":"https:\/\/www.tv-kirchzell.de\/?p=2084","title":{"rendered":"Oberliga Hessen \u2013 TVK erwartet die TSG Offenbach-B\u00fcrgel zum ersten Heimspiel der R\u00fcckrunde"},"content":{"rendered":"<p><img decoding=\"async\" src=\"http:\/\/tv-kirchzell.de\/wp-content\/plugins\/sis-tvk\/images\/herren1\/tvk.jpg\" alt=\"\" \/>:<img decoding=\"async\" src=\"http:\/\/tv-kirchzell.de\/wp-content\/plugins\/sis-tvk\/images\/herren1\/buergel.jpg\" alt=\"\" \/><br \/>\nNach zwei sehr erfolgreichen Ausw\u00e4rtssiegen erwartet der TV Kirchzell am Sonntagabend den aktuellen Tabellenachten zum Heimauftakt im Jahr 2018.<\/p>\n<p><!--more--><\/p>\n<p>Die G\u00e4ste konnten das Vorrundenspiel knapp mit 30:29 gegen den TVK gewinnen. Die TSG \u00fcberraschte im ersten Spiel der Saison mit einem Sieg beim derzeitigen Tabellenf\u00fchrer Dutenhofen\/M\u00fcnchholzhausen. Au\u00dferdem konnten sie ausw\u00e4rts noch in H\u00fcttenberg und in Wiesbaden als Sieger von der Platte gehen. Die beiden letzten Heimspiele wurden zu Hause gegen Gro\u00df-Umstadt und den Tabellenersten Dutenhofen\/M\u00fcnchholzhausen verloren, dabei setzte es am vergangenen Wochenende gegen den Tabellenersten eine deutliche 25:36 Niederlage. Daher werden die G\u00e4ste gegen Kirchzell alles aufbieten, um diese Schlappe vergessen zu machen. Die TSG hat als Ziel den Klassenerhalt ausgerufen und m\u00f6chte dies nat\u00fcrlich so schnell wie m\u00f6glich realisieren. Fehlen wird ihnen am Sonntag Nils Lenor, der f\u00fcr die Mannschaft als Dreh- und Angelpunkt gilt.<br \/>\nDer TVK m\u00f6chte nat\u00fcrlich an seine tollen Ergebnisse aus den vergangenen Spielen ankn\u00fcpfen und die ersten beiden Z\u00e4hler in 2018 in eigener Halle einfahren. Die Mannschaft will ihre guten Leistungen fortsetzen. Man darf die G\u00e4ste aber keinesfalls untersch\u00e4tzen und muss von Beginn an mit Leidenschaft und Wille zu Werke gehen, um das Spiel zu gewinnen. Beim TVK konnten unter der Woche nicht alle Spieler trainieren. Nico Polixenidis laborierte an seiner in Babenhausen erlittenen Fu\u00dfverletzung und auch Josip Punda hatte Probleme mit dem Knie. Tim H\u00e4ufgl\u00f6ckner fiel mit Grippe aus. Trainer Andi Kunz hofft aber am Sonntag auf seinen kompletten Kader zur\u00fcckgreifen zu k\u00f6nnen.<br \/>\nDie Mannschaft freut sich nat\u00fcrlich auf die zahlreiche Unterst\u00fctzung ihrer Fans.<\/p>\n<p>Anwurf zum Spiel ist am Sonntag, 17.00 Uhr in der Parzivalhalle in Amorbach<\/p>\n","protected":false},"excerpt":{"rendered":"<p>: Nach zwei sehr erfolgreichen Ausw\u00e4rtssiegen erwartet der TV Kirchzell am Sonntagabend den aktuellen Tabellenachten zum Heimauftakt im Jahr 2018.<\/p>\n","protected":false},"author":22,"featured_media":0,"comment_status":"closed","ping_status":"open","sticky":false,"template":"","format":"standard","meta":{"footnotes":""},"categories":[5],"tags":[],"class_list":["post-2084","post","type-post","status-publish","format-standard","hentry","category-1mannschaft"],"_links":{"self":[{"href":"https:\/\/www.tv-kirchzell.de\/index.php?rest_route=\/wp\/v2\/posts\/2084","targetHints":{"allow":["GET"]}}],"collection":[{"href":"https:\/\/www.tv-kirchzell.de\/index.php?rest_route=\/wp\/v2\/posts"}],"about":[{"href":"https:\/\/www.tv-kirchzell.de\/index.php?rest_route=\/wp\/v2\/types\/post"}],"author":[{"embeddable":true,"href":"https:\/\/www.tv-kirchzell.de\/index.php?rest_route=\/wp\/v2\/users\/22"}],"replies":[{"embeddable":true,"href":"https:\/\/www.tv-kirchzell.de\/index.php?rest_route=%2Fwp%2Fv2%2Fcomments&post=2084"}],"version-history":[{"count":0,"href":"https:\/\/www.tv-kirchzell.de\/index.php?rest_route=\/wp\/v2\/posts\/2084\/revisions"}],"wp:attachment":[{"href":"https:\/\/www.tv-kirchzell.de\/index.php?rest_route=%2Fwp%2Fv2%2Fmedia&parent=2084"}],"wp:term":[{"taxonomy":"category","embeddable":true,"href":"https:\/\/www.tv-kirchzell.de\/index.php?rest_route=%2Fwp%2Fv2%2Fcategories&post=2084"},{"taxonomy":"post_tag","embeddable":true,"href":"https:\/\/www.tv-kirchzell.de\/index.php?rest_route=%2Fwp%2Fv2%2Ftags&post=2084"}],"curies":[{"name":"wp","href":"https:\/\/api.w.org\/{rel}","templated":true}]}}