{"id":13501,"date":"2026-01-24T21:07:40","date_gmt":"2026-01-24T20:07:40","guid":{"rendered":"https:\/\/www.tv-kirchzell.de\/?p=13501"},"modified":"2026-01-24T21:07:43","modified_gmt":"2026-01-24T20:07:43","slug":"derbysieger-tvk-schlaegt-die-hsg-mit-2724","status":"publish","type":"post","link":"https:\/\/www.tv-kirchzell.de\/?p=13501","title":{"rendered":"Derbysieger! TVK schl\u00e4gt die HSG mit 27:24"},"content":{"rendered":"\n<p>Der&nbsp;<strong>TV Kirchzell<\/strong>&nbsp;hat das Derby gegen die&nbsp;<strong>HSG Rodgau Nieder-Roden<\/strong>&nbsp;f\u00fcr sich entschieden und sich vor heimischer Kulisse einen verdienten&nbsp;<strong>27:24-Erfolg<\/strong>&nbsp;gesichert. Grundlage des Sieges waren eine \u00fcber weite Strecken sehr stabile Abwehrleistung und ein \u00fcberragend aufgelegter Tobias Evers im Tor.<\/p>\n\n\n\n<p>Der TVK erwischte den besseren Start in die Partie und ging fr\u00fch in F\u00fchrung. Bereits in den Anfangsminuten zeigte sich, worauf es in diesem Derby ankommen sollte: hohe Konzentration in der Defensive, aggressives Verschieben und ein Torh\u00fcter, der sofort im Spiel war. Trotz einzelner Ballverluste und ausgelassener Chancen blieb der TVK ruhig und hielt die HSG zun\u00e4chst auf Distanz.<\/p>\n\n\n\n<p>Die G\u00e4ste kamen vor allem \u00fcber Siebenmeter im Spiel, Sam Hoddersen zeigte sich vom Punkt sicher. Dennoch gelang es der HSG nicht, dauerhaft die Kontrolle zu \u00fcbernehmen. Der TVK blieb im Angriff variabel, traf aus dem R\u00fcckraum, \u00fcber den Kreis und im Tempospiel. Kurz vor der Pause setzte sich Kirchzell wieder leicht ab und ging mit einer knappen&nbsp;<strong>13:12-F\u00fchrung<\/strong>&nbsp;in die Kabine.<\/p>\n\n\n\n<p>Auch nach dem Seitenwechsel blieb das Bild \u00e4hnlich: Der TVK verteidigte aufmerksam, arbeitete geschlossen und zwang die HSG immer wieder zu schwierigen Abschl\u00fcssen. Tobias Evers war in dieser Phase ein entscheidender Faktor, entsch\u00e4rfte mehrere freie W\u00fcrfe und hielt seinem Team in kritischen Momenten den Vorsprung fest. Im Angriff nutzte der TVK seine Chancen nun konsequenter und baute die F\u00fchrung Schritt f\u00fcr Schritt aus.<\/p>\n\n\n\n<p>In der Schlussphase stemmte sich die HSG noch einmal gegen die Niederlage, verk\u00fcrzte mehrfach und blieb bis in die letzten Minuten gef\u00e4hrlich. Doch der TVK behielt die Nerven, setzte immer wieder die richtigen Akzente und machte sp\u00e4testens mit dem Treffer zum 27:23 den Deckel drauf. Selbst in der letzten Aktion zeigte sich die defensive Entschlossenheit noch einmal \u2013 ein passender Schlusspunkt eines intensiven Derbys.<\/p>\n\n\n\n<p>Mit diesem&nbsp;<strong>27:24-Derbysieg<\/strong>&nbsp;belohnt sich der TVK f\u00fcr eine konzentrierte, k\u00e4mpferische Leistung und eine starke Teamarbeit. Die Halle stand bis zur letzten Minute \u2013 und durfte am Ende gemeinsam mit der Mannschaft jubeln.<\/p>\n","protected":false},"excerpt":{"rendered":"<p>Der&nbsp;TV Kirchzell&nbsp;hat das Derby gegen die&nbsp;HSG Rodgau Nieder-Roden&nbsp;f\u00fcr sich entschieden und sich vor heimischer Kulisse einen verdienten&nbsp;27:24-Erfolg&nbsp;gesichert. Grundlage des Sieges waren eine \u00fcber weite Strecken sehr stabile Abwehrleistung und ein \u00fcberragend aufgelegter Tobias Evers im Tor. Der TVK erwischte den besseren Start in die Partie und ging fr\u00fch in F\u00fchrung.<\/p>\n","protected":false},"author":2,"featured_media":13502,"comment_status":"closed","ping_status":"open","sticky":false,"template":"","format":"standard","meta":{"footnotes":""},"categories":[5],"tags":[],"class_list":["post-13501","post","type-post","status-publish","format-standard","has-post-thumbnail","hentry","category-1mannschaft"],"_links":{"self":[{"href":"https:\/\/www.tv-kirchzell.de\/index.php?rest_route=\/wp\/v2\/posts\/13501","targetHints":{"allow":["GET"]}}],"collection":[{"href":"https:\/\/www.tv-kirchzell.de\/index.php?rest_route=\/wp\/v2\/posts"}],"about":[{"href":"https:\/\/www.tv-kirchzell.de\/index.php?rest_route=\/wp\/v2\/types\/post"}],"author":[{"embeddable":true,"href":"https:\/\/www.tv-kirchzell.de\/index.php?rest_route=\/wp\/v2\/users\/2"}],"replies":[{"embeddable":true,"href":"https:\/\/www.tv-kirchzell.de\/index.php?rest_route=%2Fwp%2Fv2%2Fcomments&post=13501"}],"version-history":[{"count":1,"href":"https:\/\/www.tv-kirchzell.de\/index.php?rest_route=\/wp\/v2\/posts\/13501\/revisions"}],"predecessor-version":[{"id":13503,"href":"https:\/\/www.tv-kirchzell.de\/index.php?rest_route=\/wp\/v2\/posts\/13501\/revisions\/13503"}],"wp:featuredmedia":[{"embeddable":true,"href":"https:\/\/www.tv-kirchzell.de\/index.php?rest_route=\/wp\/v2\/media\/13502"}],"wp:attachment":[{"href":"https:\/\/www.tv-kirchzell.de\/index.php?rest_route=%2Fwp%2Fv2%2Fmedia&parent=13501"}],"wp:term":[{"taxonomy":"category","embeddable":true,"href":"https:\/\/www.tv-kirchzell.de\/index.php?rest_route=%2Fwp%2Fv2%2Fcategories&post=13501"},{"taxonomy":"post_tag","embeddable":true,"href":"https:\/\/www.tv-kirchzell.de\/index.php?rest_route=%2Fwp%2Fv2%2Ftags&post=13501"}],"curies":[{"name":"wp","href":"https:\/\/api.w.org\/{rel}","templated":true}]}}